{"id":114,"date":"2011-01-21T21:00:28","date_gmt":"2011-01-21T21:00:28","guid":{"rendered":"http:\/\/cidadania.blogaliza.org\/?p=114"},"modified":"2017-03-01T08:15:02","modified_gmt":"2017-03-01T08:15:02","slug":"as-tics-nas-democracias-participativas-conferencia-internacional","status":"publish","type":"post","link":"https:\/\/cidadania.coop\/es\/as-tics-nas-democracias-participativas-conferencia-internacional\/","title":{"rendered":"As TICs nas democracias participativas, Conferencia Internacional"},"content":{"rendered":"<p>Neste enlace ofr\u00e9cese informaci\u00f3n que consideramos de alto interese sobre a celebraci\u00f3n da XI\u00aa Conferencia sobre Democracias Participativas, que se centra na tem\u00e1tica \u00abNovas tecnolox\u00edas e participaci\u00f3n cidad\u00e1. Sociedade civil e instrumentos de participaci\u00f3n\u00bb, que vai celebrarse en LLeida entre o 6 e o 9 de abril de 2011.<\/p>\n<p>http:\/\/www.lleidaparticipa.cat\/\/index_web.php?ap=czo3OiJwb3J0YWRhIjs=&#038;idw=czozOiIxNTkiOw==&#038;idi=czozOiJjYXQiOw==<\/p>\n<p><img loading=\"lazy\" decoding=\"async\" class=\"alignleft\" src=\"http:\/\/cidadania.blogaliza.org\/files\/2011\/01\/BannerObservatorioInternacionalDP.jpg\" alt=\"\" width=\"468\" height=\"122\" \/><\/p>\n","protected":false},"excerpt":{"rendered":"<p>Neste enlace ofr\u00e9cese informaci\u00f3n que consideramos de alto interese sobre a celebraci\u00f3n da XI\u00aa Conferencia sobre Democracias Participativas, que se centra na tem\u00e1tica \u00abNovas tecnolox\u00edas e participaci\u00f3n cidad\u00e1. Sociedade civil e instrumentos de participaci\u00f3n\u00bb, que vai celebrarse en LLeida entre o 6 e o 9 de abril de 2011. http:\/\/www.lleidaparticipa.cat\/\/index_web.php?ap=czo3OiJwb3J0YWRhIjs=&#038;idw=czozOiIxNTkiOw==&#038;idi=czozOiJjYXQiOw==<\/p>\n","protected":false},"author":2,"featured_media":938,"comment_status":"open","ping_status":"open","sticky":false,"template":"","format":"standard","meta":{"footnotes":""},"categories":[4],"tags":[],"_links":{"self":[{"href":"https:\/\/cidadania.coop\/es\/wp-json\/wp\/v2\/posts\/114"}],"collection":[{"href":"https:\/\/cidadania.coop\/es\/wp-json\/wp\/v2\/posts"}],"about":[{"href":"https:\/\/cidadania.coop\/es\/wp-json\/wp\/v2\/types\/post"}],"author":[{"embeddable":true,"href":"https:\/\/cidadania.coop\/es\/wp-json\/wp\/v2\/users\/2"}],"replies":[{"embeddable":true,"href":"https:\/\/cidadania.coop\/es\/wp-json\/wp\/v2\/comments?post=114"}],"version-history":[{"count":1,"href":"https:\/\/cidadania.coop\/es\/wp-json\/wp\/v2\/posts\/114\/revisions"}],"predecessor-version":[{"id":274,"href":"https:\/\/cidadania.coop\/es\/wp-json\/wp\/v2\/posts\/114\/revisions\/274"}],"wp:featuredmedia":[{"embeddable":true,"href":"https:\/\/cidadania.coop\/es\/wp-json\/wp\/v2\/media\/938"}],"wp:attachment":[{"href":"https:\/\/cidadania.coop\/es\/wp-json\/wp\/v2\/media?parent=114"}],"wp:term":[{"taxonomy":"category","embeddable":true,"href":"https:\/\/cidadania.coop\/es\/wp-json\/wp\/v2\/categories?post=114"},{"taxonomy":"post_tag","embeddable":true,"href":"https:\/\/cidadania.coop\/es\/wp-json\/wp\/v2\/tags?post=114"}],"curies":[{"name":"wp","href":"https:\/\/api.w.org\/{rel}","templated":true}]}}