{"id":1545,"date":"2019-01-25T15:51:12","date_gmt":"2019-01-25T14:51:12","guid":{"rendered":"https:\/\/cidadania.coop\/?p=1545"},"modified":"2019-01-25T15:51:12","modified_gmt":"2019-01-25T14:51:12","slug":"cursos-de-asembleas-e-reunions-e-regulamento-interno","status":"publish","type":"post","link":"https:\/\/cidadania.coop\/es\/cursos-de-asembleas-e-reunions-e-regulamento-interno\/","title":{"rendered":"Cursos de \u00abAsembleas e reuni\u00f3ns\u00bb e \u00abRegulamento interno\u00bb"},"content":{"rendered":"<p>Estes cursos, organizados por <a href=\"https:\/\/espazo.coop\/\">Espazocoop<\/a> e impartidos por Cidadan\u00eda, comezar\u00e1n o 14 de febreiro e o 1 de marzo, respectivamente, baixo un formato mixto: formaci\u00f3n en li\u00f1a con d\u00faas sesi\u00f3ns presenciais cada un deles. Son de balde.<\/p>\n<p>Se queredes mellorar o desenvolvemento das vosas reuni\u00f3ns e asembleas e se queredes pautar a organizaci\u00f3n interna das vosas cooperativas, esta \u00e9 unha boa oportunidade.<\/p>\n<p>M\u00e1is informaci\u00f3n e inscrici\u00f3ns <a href=\"https:\/\/espazo.coop\/rede-eusumo\/teleformacion-2019-oferta-de-cursos-de-espazocoop-inicio-en-febreiro\/\"><strong>aqu\u00ed<\/strong><\/a>.<\/p>\n","protected":false},"excerpt":{"rendered":"<p>Estes cursos, organizados por Espazocoop e impartidos por Cidadan\u00eda, comezar\u00e1n o 14 de febreiro e o 1 de marzo, respectivamente, baixo un formato mixto: formaci\u00f3n en li\u00f1a con d\u00faas sesi\u00f3ns presenciais cada un deles. Son de balde. Se queredes mellorar o desenvolvemento das vosas reuni\u00f3ns e asembleas e se queredes pautar a organizaci\u00f3n interna das [&hellip;]<\/p>\n","protected":false},"author":3,"featured_media":1544,"comment_status":"open","ping_status":"open","sticky":false,"template":"","format":"standard","meta":{"footnotes":""},"categories":[4,1],"tags":[],"_links":{"self":[{"href":"https:\/\/cidadania.coop\/es\/wp-json\/wp\/v2\/posts\/1545"}],"collection":[{"href":"https:\/\/cidadania.coop\/es\/wp-json\/wp\/v2\/posts"}],"about":[{"href":"https:\/\/cidadania.coop\/es\/wp-json\/wp\/v2\/types\/post"}],"author":[{"embeddable":true,"href":"https:\/\/cidadania.coop\/es\/wp-json\/wp\/v2\/users\/3"}],"replies":[{"embeddable":true,"href":"https:\/\/cidadania.coop\/es\/wp-json\/wp\/v2\/comments?post=1545"}],"version-history":[{"count":2,"href":"https:\/\/cidadania.coop\/es\/wp-json\/wp\/v2\/posts\/1545\/revisions"}],"predecessor-version":[{"id":1547,"href":"https:\/\/cidadania.coop\/es\/wp-json\/wp\/v2\/posts\/1545\/revisions\/1547"}],"wp:featuredmedia":[{"embeddable":true,"href":"https:\/\/cidadania.coop\/es\/wp-json\/wp\/v2\/media\/1544"}],"wp:attachment":[{"href":"https:\/\/cidadania.coop\/es\/wp-json\/wp\/v2\/media?parent=1545"}],"wp:term":[{"taxonomy":"category","embeddable":true,"href":"https:\/\/cidadania.coop\/es\/wp-json\/wp\/v2\/categories?post=1545"},{"taxonomy":"post_tag","embeddable":true,"href":"https:\/\/cidadania.coop\/es\/wp-json\/wp\/v2\/tags?post=1545"}],"curies":[{"name":"wp","href":"https:\/\/api.w.org\/{rel}","templated":true}]}}