{"id":1765,"date":"2019-09-13T11:30:41","date_gmt":"2019-09-13T10:30:41","guid":{"rendered":"https:\/\/cidadania.coop\/?p=1765"},"modified":"2019-09-13T11:46:28","modified_gmt":"2019-09-13T10:46:28","slug":"escola-de-apoderamento-de-mulleres-no-rural","status":"publish","type":"post","link":"https:\/\/cidadania.coop\/es\/escola-de-apoderamento-de-mulleres-no-rural\/","title":{"rendered":"Escola de apoderamento de mulleres no rural"},"content":{"rendered":"\n<p>A cooperativa galega <strong><a href=\"https:\/\/espazo.coop\/es\/cooperativas\/arabias-s-coop-galega\/\">Arab\u00edas<\/a><\/strong>, en colaboraci\u00f3n coa <strong><a href=\"http:\/\/www.sindicatolabrego.com\/index.php?s=6\">Secretar\u00eda das Mulleres do Sindicato Labrego Galego<\/a><\/strong> e a Deputaci\u00f3n da Coru\u00f1a, acaban de po\u00f1er en marcha a segunda edici\u00f3n desta iniciativa, que persegue traballar coas mulleres participantes o asociacionismo, o reco\u00f1ecemento da voz propia, e a dixitalizaci\u00f3n das mulleres do rural. <\/p>\n\n\n\n<p>Compartimos o seguinte v\u00eddeo, no que as mulleres participantes no proxecto, as t\u00e9cnicas de distintos concellos nos que se desenvolveu a experiencia, e as coordinadoras da <strong><a href=\"http:\/\/escolaespadela.blogspot.com\/p\/inicio.html\">EspadELA<\/a><\/strong> reflexionan sobre os retos e fitos acadados polas mulleres rurais galegas.<\/p>\n\n\n\n<figure class=\"wp-block-embed-youtube wp-block-embed is-type-video is-provider-youtube wp-embed-aspect-16-9 wp-has-aspect-ratio\"><div class=\"wp-block-embed__wrapper\">\n<div class='avia-iframe-wrap'><iframe loading=\"lazy\" title=\"EspadELA. Escola de empoderamento de mulleres do rural.\" width=\"1500\" height=\"844\" src=\"https:\/\/www.youtube.com\/embed\/x5U_Z1Mte98?feature=oembed\" frameborder=\"0\" allow=\"accelerometer; autoplay; encrypted-media; gyroscope; picture-in-picture\" allowfullscreen><\/iframe><\/div>\n<\/div><\/figure>\n","protected":false},"excerpt":{"rendered":"<p>A cooperativa galega Arab\u00edas, en colaboraci\u00f3n coa Secretar\u00eda das Mulleres do Sindicato Labrego Galego e a Deputaci\u00f3n da Coru\u00f1a, acaban de po\u00f1er en marcha a segunda edici\u00f3n desta iniciativa, que persegue traballar coas mulleres participantes o asociacionismo, o reco\u00f1ecemento da voz propia, e a dixitalizaci\u00f3n das mulleres do rural. Compartimos o seguinte v\u00eddeo, no que [&hellip;]<\/p>\n","protected":false},"author":3,"featured_media":1780,"comment_status":"open","ping_status":"open","sticky":false,"template":"","format":"standard","meta":{"footnotes":""},"categories":[4,1],"tags":[],"_links":{"self":[{"href":"https:\/\/cidadania.coop\/es\/wp-json\/wp\/v2\/posts\/1765"}],"collection":[{"href":"https:\/\/cidadania.coop\/es\/wp-json\/wp\/v2\/posts"}],"about":[{"href":"https:\/\/cidadania.coop\/es\/wp-json\/wp\/v2\/types\/post"}],"author":[{"embeddable":true,"href":"https:\/\/cidadania.coop\/es\/wp-json\/wp\/v2\/users\/3"}],"replies":[{"embeddable":true,"href":"https:\/\/cidadania.coop\/es\/wp-json\/wp\/v2\/comments?post=1765"}],"version-history":[{"count":3,"href":"https:\/\/cidadania.coop\/es\/wp-json\/wp\/v2\/posts\/1765\/revisions"}],"predecessor-version":[{"id":1782,"href":"https:\/\/cidadania.coop\/es\/wp-json\/wp\/v2\/posts\/1765\/revisions\/1782"}],"wp:featuredmedia":[{"embeddable":true,"href":"https:\/\/cidadania.coop\/es\/wp-json\/wp\/v2\/media\/1780"}],"wp:attachment":[{"href":"https:\/\/cidadania.coop\/es\/wp-json\/wp\/v2\/media?parent=1765"}],"wp:term":[{"taxonomy":"category","embeddable":true,"href":"https:\/\/cidadania.coop\/es\/wp-json\/wp\/v2\/categories?post=1765"},{"taxonomy":"post_tag","embeddable":true,"href":"https:\/\/cidadania.coop\/es\/wp-json\/wp\/v2\/tags?post=1765"}],"curies":[{"name":"wp","href":"https:\/\/api.w.org\/{rel}","templated":true}]}}