{"id":1802,"date":"2019-11-14T11:08:45","date_gmt":"2019-11-14T10:08:45","guid":{"rendered":"https:\/\/cidadania.coop\/?p=1802"},"modified":"2019-11-14T11:08:46","modified_gmt":"2019-11-14T10:08:46","slug":"v-congreso-de-cidades-amigas-da-infancia-de-unicef","status":"publish","type":"post","link":"https:\/\/cidadania.coop\/es\/v-congreso-de-cidades-amigas-da-infancia-de-unicef\/","title":{"rendered":"V Congreso de Cidades Amigas da Infancia de UNICEF"},"content":{"rendered":"\n<p> Os d\u00edas 25 e 26 de novembro cel\u00e9brase en Madrid o V Congreso de Cidades Amigas da Infancia, organizado por <a href=\"https:\/\/ciudadesamigas.org\/congreso-derechos-infancia-participacion\/\"><strong>UNICEF<\/strong><\/a>. Estas d\u00faas xornadas, no marco do 30 aniversario da <a href=\"https:\/\/www.un.org\/es\/events\/childrenday\/pdf\/derechos.pdf\">Declaraci\u00f3n dos dereitos do Neno<\/a>, te\u00f1en como protagonista o dereito \u00e1 participaci\u00f3n infantil e adolescente.<\/p>\n\n\n\n<p>A iniciativa das Cidades Amigas da Infancia \u00e9 un reco\u00f1ecemento que UNICEF outorga a distintos concellos, vilas, e comunidades comprometidas cos dereitos das nenas e nenos. Para acadalo, \u00e9 preciso que o territorio conte cun Plan de infancia e adolescencia, as\u00ed como con mecanismos de coordinaci\u00f3n do Goberno local (a nivel interno e externo, con outros axentes), e que exista un \u00f3rgano de participaci\u00f3n infantil e adolescente vinculado ao territorio. <\/p>\n\n\n\n<p>O programa do Congreso p\u00f3dese consultar <a href=\"https:\/\/ciudadesamigas.org\/congreso-derechos-infancia-participacion\/\"><strong>aqu\u00ed<\/strong><\/a>. De seguro que ser\u00e1n d\u00faas xornadas ben proveitosas!<\/p>\n","protected":false},"excerpt":{"rendered":"<p>Os d\u00edas 25 e 26 de novembro cel\u00e9brase en Madrid o V Congreso de Cidades Amigas da Infancia, organizado por UNICEF. Estas d\u00faas xornadas, no marco do 30 aniversario da Declaraci\u00f3n dos dereitos do Neno, te\u00f1en como protagonista o dereito \u00e1 participaci\u00f3n infantil e adolescente. A iniciativa das Cidades Amigas da Infancia \u00e9 un reco\u00f1ecemento [&hellip;]<\/p>\n","protected":false},"author":3,"featured_media":1803,"comment_status":"open","ping_status":"open","sticky":false,"template":"","format":"standard","meta":{"footnotes":""},"categories":[4,1],"tags":[],"_links":{"self":[{"href":"https:\/\/cidadania.coop\/es\/wp-json\/wp\/v2\/posts\/1802"}],"collection":[{"href":"https:\/\/cidadania.coop\/es\/wp-json\/wp\/v2\/posts"}],"about":[{"href":"https:\/\/cidadania.coop\/es\/wp-json\/wp\/v2\/types\/post"}],"author":[{"embeddable":true,"href":"https:\/\/cidadania.coop\/es\/wp-json\/wp\/v2\/users\/3"}],"replies":[{"embeddable":true,"href":"https:\/\/cidadania.coop\/es\/wp-json\/wp\/v2\/comments?post=1802"}],"version-history":[{"count":3,"href":"https:\/\/cidadania.coop\/es\/wp-json\/wp\/v2\/posts\/1802\/revisions"}],"predecessor-version":[{"id":1810,"href":"https:\/\/cidadania.coop\/es\/wp-json\/wp\/v2\/posts\/1802\/revisions\/1810"}],"wp:featuredmedia":[{"embeddable":true,"href":"https:\/\/cidadania.coop\/es\/wp-json\/wp\/v2\/media\/1803"}],"wp:attachment":[{"href":"https:\/\/cidadania.coop\/es\/wp-json\/wp\/v2\/media?parent=1802"}],"wp:term":[{"taxonomy":"category","embeddable":true,"href":"https:\/\/cidadania.coop\/es\/wp-json\/wp\/v2\/categories?post=1802"},{"taxonomy":"post_tag","embeddable":true,"href":"https:\/\/cidadania.coop\/es\/wp-json\/wp\/v2\/tags?post=1802"}],"curies":[{"name":"wp","href":"https:\/\/api.w.org\/{rel}","templated":true}]}}