{"id":1842,"date":"2020-02-14T10:17:48","date_gmt":"2020-02-14T09:17:48","guid":{"rendered":"https:\/\/cidadania.coop\/?p=1842"},"modified":"2020-02-14T10:17:48","modified_gmt":"2020-02-14T09:17:48","slug":"organizamos-encontros-co-sector-pesqueiro-nos-territorios-da-costa-da-morte-e-no-golfo-artabro-norte","status":"publish","type":"post","link":"https:\/\/cidadania.coop\/es\/organizamos-encontros-co-sector-pesqueiro-nos-territorios-da-costa-da-morte-e-no-golfo-artabro-norte\/","title":{"rendered":"Organizamos encontros co sector pesqueiro nos territorios da Costa da Morte e no Golfo \u00c1rtabro Norte"},"content":{"rendered":"\n<p>Estes proxectos de dinamizaci\u00f3n te\u00f1en por obxectivo informar \u00e1s persoas que integran o sector pesqueiro sobre a nova convocatoria do programa de axudas do <strong><a href=\"https:\/\/ec.europa.eu\/fisheries\/cfp\/emff_es\">Fondo Europeo Mar\u00edtimo e de Pesca<\/a><\/strong>, que xestionan os <strong><a href=\"https:\/\/galp.xunta.gal\/?window_close=1\">GALP<\/a><\/strong>. Ademais, estes espazos de participaci\u00f3n son importantes de cara a po\u00f1er en com\u00fan as necesidades do sector, e impulsar proxectos que fomenten o desenvolvemento local das zonas costeiras.<\/p>\n\n\n\n<p>Mediante a posta en marcha destes procesos pret\u00e9ndese mellorar a efectividade de ditos fondos no desenvolvemento social e econ\u00f3mico dos territorios, prestando atenci\u00f3n a tres aspectos clave: contribuci\u00f3n ao fomento do emprego no sector pesqueiro; reforzo do mar como motor do desenvolvemento local; e promoci\u00f3n de proxectos do sector para a preservaci\u00f3n dos recursos do mar.<\/p>\n\n\n\n<p><\/p>\n","protected":false},"excerpt":{"rendered":"<p>Estes proxectos de dinamizaci\u00f3n te\u00f1en por obxectivo informar \u00e1s persoas que integran o sector pesqueiro sobre a nova convocatoria do programa de axudas do Fondo Europeo Mar\u00edtimo e de Pesca, que xestionan os GALP. Ademais, estes espazos de participaci\u00f3n son importantes de cara a po\u00f1er en com\u00fan as necesidades do sector, e impulsar proxectos que [&hellip;]<\/p>\n","protected":false},"author":3,"featured_media":1843,"comment_status":"open","ping_status":"open","sticky":false,"template":"","format":"standard","meta":{"footnotes":""},"categories":[4,1],"tags":[],"_links":{"self":[{"href":"https:\/\/cidadania.coop\/es\/wp-json\/wp\/v2\/posts\/1842"}],"collection":[{"href":"https:\/\/cidadania.coop\/es\/wp-json\/wp\/v2\/posts"}],"about":[{"href":"https:\/\/cidadania.coop\/es\/wp-json\/wp\/v2\/types\/post"}],"author":[{"embeddable":true,"href":"https:\/\/cidadania.coop\/es\/wp-json\/wp\/v2\/users\/3"}],"replies":[{"embeddable":true,"href":"https:\/\/cidadania.coop\/es\/wp-json\/wp\/v2\/comments?post=1842"}],"version-history":[{"count":5,"href":"https:\/\/cidadania.coop\/es\/wp-json\/wp\/v2\/posts\/1842\/revisions"}],"predecessor-version":[{"id":1848,"href":"https:\/\/cidadania.coop\/es\/wp-json\/wp\/v2\/posts\/1842\/revisions\/1848"}],"wp:featuredmedia":[{"embeddable":true,"href":"https:\/\/cidadania.coop\/es\/wp-json\/wp\/v2\/media\/1843"}],"wp:attachment":[{"href":"https:\/\/cidadania.coop\/es\/wp-json\/wp\/v2\/media?parent=1842"}],"wp:term":[{"taxonomy":"category","embeddable":true,"href":"https:\/\/cidadania.coop\/es\/wp-json\/wp\/v2\/categories?post=1842"},{"taxonomy":"post_tag","embeddable":true,"href":"https:\/\/cidadania.coop\/es\/wp-json\/wp\/v2\/tags?post=1842"}],"curies":[{"name":"wp","href":"https:\/\/api.w.org\/{rel}","templated":true}]}}