{"id":1877,"date":"2020-04-29T15:17:53","date_gmt":"2020-04-29T14:17:53","guid":{"rendered":"https:\/\/cidadania.coop\/?p=1877"},"modified":"2020-04-29T17:50:28","modified_gmt":"2020-04-29T16:50:28","slug":"reas-rdr-de-25-aniversario-e-convite-a-participar-no-balance-social-2020","status":"publish","type":"post","link":"https:\/\/cidadania.coop\/es\/reas-rdr-de-25-aniversario-e-convite-a-participar-no-balance-social-2020\/","title":{"rendered":"REAS RdR cumpre 25 anos e convida \u00e1s entidades da ESS a participar no Balance Social 2020"},"content":{"rendered":"\n<blockquote class=\"wp-block-quote is-layout-flow wp-block-quote-is-layout-flow\"><p> \u201cNon aceptes o habitual como cousa natural. Porque en tempos de desorde, de confusi\u00f3n organizada, de humanidade deshumanizada, nada debe parecer natural. Nada debe parecer imposible de cambiar\u201d<\/p><cite>Bertolt Brecht<\/cite><\/blockquote>\n\n\n\n<p><a href=\"https:\/\/www.reasred.org\/\"><strong>REAS Red de Redes<\/strong><\/a> leva 25 anos traballando baixo esta idea, constru\u00edndo un tecido de iniciativas que, dende a sostibilidade e a autoxesti\u00f3n, demostran a viabilidade que sup\u00f3n centralizar \u00e1s persoas fronte aos beneficios.<\/p>\n\n\n\n<p>O traballo en rede e a intercooperaci\u00f3n promovida dende REAS logrou nestes anos agrupar a case 800 entidades, 44.000 persoas, baixo os grandes principios da Carta de principios da Econom\u00eda Solidaria. Podes consultar mais datos interesantes nesta <a href=\"https:\/\/reasnet.com\/intranet\/wp-content\/uploads\/bp-attachments\/10123\/infografia_2020.pdf\"><strong>infograf\u00eda<\/strong><\/a>. <\/p>\n\n\n\n<p>E como se leva a cabo este traballo? A trav\u00e9s de 3 li\u00f1as estrat\u00e9xicas: levando a cabo unha incidencia social e pol\u00edtica; fortalecendo o traballo en rede; e consolidando instrumentos com\u00fans.<\/p>\n\n\n\n<figure class=\"wp-block-embed-vimeo wp-block-embed is-type-video is-provider-vimeo wp-embed-aspect-16-9 wp-has-aspect-ratio\"><div class=\"wp-block-embed__wrapper\">\n<div class='avia-iframe-wrap'><iframe loading=\"lazy\" title=\"REAS en una palabra\" src=\"https:\/\/player.vimeo.com\/video\/392915920?dnt=1&amp;app_id=122963\" width=\"1280\" height=\"720\" frameborder=\"0\" allow=\"autoplay; fullscreen\" allowfullscreen><\/iframe><\/div>\n<\/div><\/figure>\n\n\n\n<p>Ademais, estes d\u00edas conv\u00eddannos a todas as entidades que formamos parte da ESS a formar parte do Balance Social 2020, sobre o que podedes ler neste <a href=\"https:\/\/www.economiasolidaria.org\/balance-social-2020\"><strong>enlace<\/strong><\/a>. <\/p>\n\n\n\n<p>Parab\u00e9ns,\ne por moitos anos!<\/p>\n","protected":false},"excerpt":{"rendered":"<p>\u201cNon aceptes o habitual como cousa natural. Porque en tempos de desorde, de confusi\u00f3n organizada, de humanidade deshumanizada, nada debe parecer natural. Nada debe parecer imposible de cambiar\u201d Bertolt Brecht REAS Red de Redes leva 25 anos traballando baixo esta idea, constru\u00edndo un tecido de iniciativas que, dende a sostibilidade e a autoxesti\u00f3n, demostran a [&hellip;]<\/p>\n","protected":false},"author":3,"featured_media":1886,"comment_status":"open","ping_status":"open","sticky":false,"template":"","format":"standard","meta":{"footnotes":""},"categories":[4,1],"tags":[],"_links":{"self":[{"href":"https:\/\/cidadania.coop\/es\/wp-json\/wp\/v2\/posts\/1877"}],"collection":[{"href":"https:\/\/cidadania.coop\/es\/wp-json\/wp\/v2\/posts"}],"about":[{"href":"https:\/\/cidadania.coop\/es\/wp-json\/wp\/v2\/types\/post"}],"author":[{"embeddable":true,"href":"https:\/\/cidadania.coop\/es\/wp-json\/wp\/v2\/users\/3"}],"replies":[{"embeddable":true,"href":"https:\/\/cidadania.coop\/es\/wp-json\/wp\/v2\/comments?post=1877"}],"version-history":[{"count":7,"href":"https:\/\/cidadania.coop\/es\/wp-json\/wp\/v2\/posts\/1877\/revisions"}],"predecessor-version":[{"id":1888,"href":"https:\/\/cidadania.coop\/es\/wp-json\/wp\/v2\/posts\/1877\/revisions\/1888"}],"wp:featuredmedia":[{"embeddable":true,"href":"https:\/\/cidadania.coop\/es\/wp-json\/wp\/v2\/media\/1886"}],"wp:attachment":[{"href":"https:\/\/cidadania.coop\/es\/wp-json\/wp\/v2\/media?parent=1877"}],"wp:term":[{"taxonomy":"category","embeddable":true,"href":"https:\/\/cidadania.coop\/es\/wp-json\/wp\/v2\/categories?post=1877"},{"taxonomy":"post_tag","embeddable":true,"href":"https:\/\/cidadania.coop\/es\/wp-json\/wp\/v2\/tags?post=1877"}],"curies":[{"name":"wp","href":"https:\/\/api.w.org\/{rel}","templated":true}]}}