{"id":1973,"date":"2020-08-04T11:47:49","date_gmt":"2020-08-04T10:47:49","guid":{"rendered":"https:\/\/cidadania.coop\/?p=1973"},"modified":"2020-08-04T11:55:39","modified_gmt":"2020-08-04T10:55:39","slug":"desenvolvemos-un-curso-sobre-relevo-xeracional-na-cooperativas-de-ensino-edes-en-asturias","status":"publish","type":"post","link":"https:\/\/cidadania.coop\/es\/desenvolvemos-un-curso-sobre-relevo-xeracional-na-cooperativas-de-ensino-edes-en-asturias\/","title":{"rendered":"Desenvolvemos un curso sobre relevo xeracional na cooperativa de ensino EDES en Asturias"},"content":{"rendered":"<p><span style=\"font-family: Regencie;\">Ao longo do mes de xullo tivemos a oportunidade de levar a cabo unha formaci\u00f3n de relevo xeracional na cooperativa de ensino para persoas con discapacidade <a href=\"http:\/\/www.fundacionedes.org\/colegio\/\"><b>EDES<\/b><\/a>, que ademais son centro especial de emprego e fundaci\u00f3n.<\/span><\/p>\n<p><span style=\"font-family: Regencie;\">Ante o reto de incorporar novas persoas socias \u00e1 cooperativa, desenvolvemos esta formaci\u00f3n nunha modalidade mixta, levando a cabo d\u00faas sesi\u00f3ns en li\u00f1a de 4 horas cada unha, e outras d\u00faas sesi\u00f3n de 4 horas en modalidade presencial, tendo en conta as medidas sanitarias e de seguridade. <\/span><\/p>\n<p><span style=\"font-family: Regencie;\">Gustar\u00edanos salientar o compromiso da cooperativa por levar a cabo este proceso de forma planificada, e co\u00f1ecer proxectos tan interesantes mais al\u00e1 de Galicia. Que gratificante \u00e9 compartir, traballar e aprender xunto a persoas que comparten os valores cooperativos!<\/span><\/p>\n","protected":false},"excerpt":{"rendered":"<p>Ao longo do mes de xullo tivemos a oportunidade de levar a cabo unha formaci\u00f3n de relevo xeracional na cooperativa de ensino para persoas con discapacidade EDES, que ademais son centro especial de emprego e fundaci\u00f3n. Ante o reto de incorporar novas persoas socias \u00e1 cooperativa, desenvolvemos esta formaci\u00f3n nunha modalidade mixta, levando a cabo [&hellip;]<\/p>\n","protected":false},"author":3,"featured_media":1976,"comment_status":"closed","ping_status":"open","sticky":false,"template":"","format":"standard","meta":{"footnotes":""},"categories":[4],"tags":[],"_links":{"self":[{"href":"https:\/\/cidadania.coop\/es\/wp-json\/wp\/v2\/posts\/1973"}],"collection":[{"href":"https:\/\/cidadania.coop\/es\/wp-json\/wp\/v2\/posts"}],"about":[{"href":"https:\/\/cidadania.coop\/es\/wp-json\/wp\/v2\/types\/post"}],"author":[{"embeddable":true,"href":"https:\/\/cidadania.coop\/es\/wp-json\/wp\/v2\/users\/3"}],"replies":[{"embeddable":true,"href":"https:\/\/cidadania.coop\/es\/wp-json\/wp\/v2\/comments?post=1973"}],"version-history":[{"count":3,"href":"https:\/\/cidadania.coop\/es\/wp-json\/wp\/v2\/posts\/1973\/revisions"}],"predecessor-version":[{"id":1981,"href":"https:\/\/cidadania.coop\/es\/wp-json\/wp\/v2\/posts\/1973\/revisions\/1981"}],"wp:featuredmedia":[{"embeddable":true,"href":"https:\/\/cidadania.coop\/es\/wp-json\/wp\/v2\/media\/1976"}],"wp:attachment":[{"href":"https:\/\/cidadania.coop\/es\/wp-json\/wp\/v2\/media?parent=1973"}],"wp:term":[{"taxonomy":"category","embeddable":true,"href":"https:\/\/cidadania.coop\/es\/wp-json\/wp\/v2\/categories?post=1973"},{"taxonomy":"post_tag","embeddable":true,"href":"https:\/\/cidadania.coop\/es\/wp-json\/wp\/v2\/tags?post=1973"}],"curies":[{"name":"wp","href":"https:\/\/api.w.org\/{rel}","templated":true}]}}