{"id":2022,"date":"2020-10-09T11:12:01","date_gmt":"2020-10-09T10:12:01","guid":{"rendered":"https:\/\/cidadania.coop\/?p=2022"},"modified":"2024-01-04T10:18:09","modified_gmt":"2024-01-04T09:18:09","slug":"esta-semana-celebramos-o-encontro-de-conclusions-do-proxecto-de-igualdade-no-mar-promovido-polo-grupo-de-accion-local-do-sector-pesqueiro-ria-de-arousa","status":"publish","type":"post","link":"https:\/\/cidadania.coop\/es\/esta-semana-celebramos-o-encontro-de-conclusions-do-proxecto-de-igualdade-no-mar-promovido-polo-grupo-de-accion-local-do-sector-pesqueiro-ria-de-arousa\/","title":{"rendered":"Esta semana celebramos o Encontro de conclusi\u00f3ns do proxecto de igualdade no mar, promovido polo Grupo de Acci\u00f3n Local do Sector Pesqueiro R\u00eda de Arousa"},"content":{"rendered":"<p><span style=\"font-weight: 400;\">A xornada contou coa benvida institucional da presidenta do <em><a href=\"https:\/\/galp.xunta.gal\/ria-de-arousa\/remata-o-proxecto-de-igualdade-das-mulleres-do-mar-dearousa-cun-encontro-de\">GALP<\/a><\/em> e patroa maior de Vilanova de Arousa, as\u00ed como coa Concelleira de Igualdade do Concello de Boiro, e a intervenci\u00f3n de Rosa Quintana, <em><a href=\"https:\/\/www.xunta.gal\/notas-de-prensa\/-\/nova\/51999\/xunta-enxalza-labor-grupo-accion-local-sector-pesqueiro-ria-arousa-para-visibilizar\">Conselleira do Mar<\/a><\/em>. As conclusi\u00f3ns e aprendizaxes ao longo destes meses foron compartidas polas propias mulleres participantes no proxecto, que tomaron a palabra no auditorio de Cabo de Cruz e foron as protagonistas do encontro. Falaron en p\u00fablico, proxectaron as v\u00eddeo &#8211; entrevistas previamente gravadas por elas mesmas, e fixeron preguntas e compartiron reflexi\u00f3ns dende o p\u00fablico.\u00a0\u00a0\u00a0<\/span><\/p>\n<p><span style=\"font-weight: 400;\">O proxecto, que desenvolvemos dende Cidadan\u00eda como asistencia t\u00e9cnica, consistiu en tres partes: formativa (ferramentas para organizar e dinamizar reuni\u00f3ns e xuntanzas en li\u00f1a; liderado e estratexias para falar en p\u00fablico), informativa (organizamos xuntanzas con persoas expertas na sa\u00fade laboral das mulleres do mar, e en dereitos das profesionais do mar); e o propio encontro de conclusi\u00f3ns, no que o obxectivo principal era que as mulleres tomasen a palabra e contin\u00faen ga\u00f1ando visibilidade.\u00a0<\/span><\/p>\n<p>&nbsp;<\/p>\n","protected":false},"excerpt":{"rendered":"<p>A xornada contou coa benvida institucional da presidenta do GALP e patroa maior de Vilanova de Arousa, as\u00ed como coa Concelleira de Igualdade do Concello de Boiro, e a intervenci\u00f3n de Rosa Quintana, Conselleira do Mar. As conclusi\u00f3ns e aprendizaxes ao longo destes meses foron compartidas polas propias mulleres participantes no proxecto, que tomaron a [&hellip;]<\/p>\n","protected":false},"author":3,"featured_media":2023,"comment_status":"closed","ping_status":"open","sticky":false,"template":"","format":"standard","meta":{"footnotes":""},"categories":[4],"tags":[215,137,41,58,69,71,39,85],"_links":{"self":[{"href":"https:\/\/cidadania.coop\/es\/wp-json\/wp\/v2\/posts\/2022"}],"collection":[{"href":"https:\/\/cidadania.coop\/es\/wp-json\/wp\/v2\/posts"}],"about":[{"href":"https:\/\/cidadania.coop\/es\/wp-json\/wp\/v2\/types\/post"}],"author":[{"embeddable":true,"href":"https:\/\/cidadania.coop\/es\/wp-json\/wp\/v2\/users\/3"}],"replies":[{"embeddable":true,"href":"https:\/\/cidadania.coop\/es\/wp-json\/wp\/v2\/comments?post=2022"}],"version-history":[{"count":4,"href":"https:\/\/cidadania.coop\/es\/wp-json\/wp\/v2\/posts\/2022\/revisions"}],"predecessor-version":[{"id":2029,"href":"https:\/\/cidadania.coop\/es\/wp-json\/wp\/v2\/posts\/2022\/revisions\/2029"}],"wp:featuredmedia":[{"embeddable":true,"href":"https:\/\/cidadania.coop\/es\/wp-json\/wp\/v2\/media\/2023"}],"wp:attachment":[{"href":"https:\/\/cidadania.coop\/es\/wp-json\/wp\/v2\/media?parent=2022"}],"wp:term":[{"taxonomy":"category","embeddable":true,"href":"https:\/\/cidadania.coop\/es\/wp-json\/wp\/v2\/categories?post=2022"},{"taxonomy":"post_tag","embeddable":true,"href":"https:\/\/cidadania.coop\/es\/wp-json\/wp\/v2\/tags?post=2022"}],"curies":[{"name":"wp","href":"https:\/\/api.w.org\/{rel}","templated":true}]}}