{"id":2057,"date":"2020-10-28T17:04:08","date_gmt":"2020-10-28T16:04:08","guid":{"rendered":"https:\/\/cidadania.coop\/?p=2057"},"modified":"2020-10-28T17:06:35","modified_gmt":"2020-10-28T16:06:35","slug":"participamos-no-encontro-de-entidades-da-economia-social-e-do-terceiro-sector-organizado-por-reas-galicia","status":"publish","type":"post","link":"https:\/\/cidadania.coop\/es\/participamos-no-encontro-de-entidades-da-economia-social-e-do-terceiro-sector-organizado-por-reas-galicia\/","title":{"rendered":"Participamos no Encontro de entidades da econom\u00eda social e do terceiro sector, organizado por REAS Galicia"},"content":{"rendered":"<p>Esta semana, <a href=\"https:\/\/www.reasred.org\/\"><strong>Reas<\/strong> <strong>Galicia<\/strong><\/a> organizou un encontro en li\u00f1a no que po\u00f1er en com\u00fan \u00e1s entidades galegas de econom\u00eda social, con ONGDs e entidades do terceiro sector, achegando actividades, produtos e servizos nos que est\u00e1n implicadas as entidades da econom\u00eda social galega.<\/p>\n<p>Este \u00e9 o enlace \u00e1 <a href=\"https:\/\/www.facebook.com\/watch\/?v=398593921311355\"><strong>grabaci\u00f3n<\/strong><\/a> da xuntanza, no que podedes ver a diversidade de entidades e persoas que participaron deste encontro, e a forza de econom\u00eda social galega.<\/p>\n","protected":false},"excerpt":{"rendered":"<p>Esta semana, Reas Galicia organizou un encontro en li\u00f1a no que po\u00f1er en com\u00fan \u00e1s entidades galegas de econom\u00eda social, con ONGDs e entidades do terceiro sector, achegando actividades, produtos e servizos nos que est\u00e1n implicadas as entidades da econom\u00eda social galega. Este \u00e9 o enlace \u00e1 grabaci\u00f3n da xuntanza, no que podedes ver a [&hellip;]<\/p>\n","protected":false},"author":3,"featured_media":2058,"comment_status":"open","ping_status":"open","sticky":false,"template":"","format":"standard","meta":{"footnotes":""},"categories":[4],"tags":[],"_links":{"self":[{"href":"https:\/\/cidadania.coop\/es\/wp-json\/wp\/v2\/posts\/2057"}],"collection":[{"href":"https:\/\/cidadania.coop\/es\/wp-json\/wp\/v2\/posts"}],"about":[{"href":"https:\/\/cidadania.coop\/es\/wp-json\/wp\/v2\/types\/post"}],"author":[{"embeddable":true,"href":"https:\/\/cidadania.coop\/es\/wp-json\/wp\/v2\/users\/3"}],"replies":[{"embeddable":true,"href":"https:\/\/cidadania.coop\/es\/wp-json\/wp\/v2\/comments?post=2057"}],"version-history":[{"count":5,"href":"https:\/\/cidadania.coop\/es\/wp-json\/wp\/v2\/posts\/2057\/revisions"}],"predecessor-version":[{"id":2063,"href":"https:\/\/cidadania.coop\/es\/wp-json\/wp\/v2\/posts\/2057\/revisions\/2063"}],"wp:featuredmedia":[{"embeddable":true,"href":"https:\/\/cidadania.coop\/es\/wp-json\/wp\/v2\/media\/2058"}],"wp:attachment":[{"href":"https:\/\/cidadania.coop\/es\/wp-json\/wp\/v2\/media?parent=2057"}],"wp:term":[{"taxonomy":"category","embeddable":true,"href":"https:\/\/cidadania.coop\/es\/wp-json\/wp\/v2\/categories?post=2057"},{"taxonomy":"post_tag","embeddable":true,"href":"https:\/\/cidadania.coop\/es\/wp-json\/wp\/v2\/tags?post=2057"}],"curies":[{"name":"wp","href":"https:\/\/api.w.org\/{rel}","templated":true}]}}