{"id":2125,"date":"2021-02-11T12:19:54","date_gmt":"2021-02-11T11:19:54","guid":{"rendered":"https:\/\/cidadania.coop\/?p=2125"},"modified":"2024-01-04T10:15:41","modified_gmt":"2024-01-04T09:15:41","slug":"traballamos-coas-mulleres-do-mar-da-marina-ortegal-na-construcion-da-sua-memoria-e-identidade-colectiva","status":"publish","type":"post","link":"https:\/\/cidadania.coop\/es\/traballamos-coas-mulleres-do-mar-da-marina-ortegal-na-construcion-da-sua-memoria-e-identidade-colectiva\/","title":{"rendered":"Traballamos coas mulleres do mar da Mari\u00f1a \u2013 Ortegal na construci\u00f3n da s\u00faa memoria e identidade colectiva"},"content":{"rendered":"<p><span style=\"font-family: Regencie;\">Neste proxecto promovido polo <a href=\"https:\/\/galp.xunta.gal\/a-marina-ortegal\"><b>Grupo de Acci\u00f3n Local do sector Pesqueiro A Mari\u00f1a \u2013 Ortegal<\/b><\/a> no 2020 afondamos na memoria profesional dos colectivos de redeiras e mariscadoras a p\u00e9 dos concellos de Cedeira, Cari\u00f1o, Ma\u00f1\u00f3n (O Barqueiro) e Burela.<\/span><\/p>\n<p><span style=\"font-family: Regencie;\">A trav\u00e9s de reuni\u00f3ns en pequenos grupos de mulleres, abordamos an\u00e9cdotas da s\u00faa vida ligada ao mar, fitos importantes que marcaron momentos clave para a mellora dos seus dereitos profesionais, e mulleres referentes que abriron cami\u00f1o. Con estas conversas e apoi\u00e1ndonos en documentos gr\u00e1ficos e obxectos, fomos constru\u00edndo unha identidade colectiva de ambas profesi\u00f3ns no territorio, reco\u00f1ecendo os avances acadados, e tam\u00e9n os retos que redeiras e mariscadoras identifican nas s\u00faas profesi\u00f3ns.<\/span><\/p>\n<p><span style=\"font-family: Regencie;\">Agradecemos \u00e1s asociaci\u00f3ns de redeiras e \u00e1s agrupaci\u00f3ns de mariscadoras a s\u00faa xenerosidade compartindo tantas historias que merecen reco\u00f1ecemento, e que coa s\u00faa experiencia profesional e a s\u00faa actitude seguen constru\u00edndo un sector pesqueiro m\u00e1is igualitario. <\/span><\/p>\n","protected":false},"excerpt":{"rendered":"<p>Neste proxecto promovido polo Grupo de Acci\u00f3n Local do sector Pesqueiro A Mari\u00f1a \u2013 Ortegal no 2020 afondamos na memoria profesional dos colectivos de redeiras e mariscadoras a p\u00e9 dos concellos de Cedeira, Cari\u00f1o, Ma\u00f1\u00f3n (O Barqueiro) e Burela. A trav\u00e9s de reuni\u00f3ns en pequenos grupos de mulleres, abordamos an\u00e9cdotas da s\u00faa vida ligada ao [&hellip;]<\/p>\n","protected":false},"author":3,"featured_media":2126,"comment_status":"open","ping_status":"open","sticky":false,"template":"","format":"standard","meta":{"footnotes":""},"categories":[4],"tags":[213,144,41,214,69,212,71,85],"_links":{"self":[{"href":"https:\/\/cidadania.coop\/es\/wp-json\/wp\/v2\/posts\/2125"}],"collection":[{"href":"https:\/\/cidadania.coop\/es\/wp-json\/wp\/v2\/posts"}],"about":[{"href":"https:\/\/cidadania.coop\/es\/wp-json\/wp\/v2\/types\/post"}],"author":[{"embeddable":true,"href":"https:\/\/cidadania.coop\/es\/wp-json\/wp\/v2\/users\/3"}],"replies":[{"embeddable":true,"href":"https:\/\/cidadania.coop\/es\/wp-json\/wp\/v2\/comments?post=2125"}],"version-history":[{"count":3,"href":"https:\/\/cidadania.coop\/es\/wp-json\/wp\/v2\/posts\/2125\/revisions"}],"predecessor-version":[{"id":2130,"href":"https:\/\/cidadania.coop\/es\/wp-json\/wp\/v2\/posts\/2125\/revisions\/2130"}],"wp:featuredmedia":[{"embeddable":true,"href":"https:\/\/cidadania.coop\/es\/wp-json\/wp\/v2\/media\/2126"}],"wp:attachment":[{"href":"https:\/\/cidadania.coop\/es\/wp-json\/wp\/v2\/media?parent=2125"}],"wp:term":[{"taxonomy":"category","embeddable":true,"href":"https:\/\/cidadania.coop\/es\/wp-json\/wp\/v2\/categories?post=2125"},{"taxonomy":"post_tag","embeddable":true,"href":"https:\/\/cidadania.coop\/es\/wp-json\/wp\/v2\/tags?post=2125"}],"curies":[{"name":"wp","href":"https:\/\/api.w.org\/{rel}","templated":true}]}}