{"id":2186,"date":"2021-05-11T10:16:31","date_gmt":"2021-05-11T09:16:31","guid":{"rendered":"https:\/\/cidadania.coop\/?p=2186"},"modified":"2024-01-02T17:45:09","modified_gmt":"2024-01-02T16:45:09","slug":"como-participa-a-mocidade-en-galicia","status":"publish","type":"post","link":"https:\/\/cidadania.coop\/es\/como-participa-a-mocidade-en-galicia\/","title":{"rendered":"Como participa a mocidade en Galicia?"},"content":{"rendered":"<p><span style=\"font-family: Regencie;\">Cal \u00e9 o estado da participaci\u00f3n da mocidade galega na actualidade? Cales son as barreiras e cales son os facilitadores para motivar \u00e1s persoas novas a participar? Ten cambiado o modelo de participaci\u00f3n tradicional? Como se pode contribu\u00edr \u00e1 promoci\u00f3n dunha cultura participativa con enfoque da Cidadan\u00eda Global entre a mocidade galega?<\/span><\/p>\n<p><span style=\"font-family: Regencie;\">Estas son algunhas das preguntas <\/span><span style=\"font-family: Regencie;\">nas <\/span><span style=\"font-family: Regencie;\">que quere afondar <\/span><span style=\"font-family: Regencie;\"><strong><a href=\"https:\/\/solidaridadgalicia.org\/como-e-a-participacion-xuvenil-en-galicia\/\">Solidariedade Internacional de Galicia<\/a><\/strong>,<\/span><span style=\"font-family: Regencie;\"> que promove este estudo<\/span> <span style=\"font-family: Regencie;\">vinculado ao proxecto <\/span><strong><a href=\"http:\/\/globo.solidaridadgalicia.org\/\"><span style=\"font-family: Regencie;\">O Globo<\/span><\/a><\/strong><span style=\"font-family: Regencie;\">, sobre o que xa os falamos <\/span><strong><a href=\"https:\/\/cidadania.coop\/participamos-no-ii-encontro-do-globo-un-espazo-para-a-promocion-da-cidadania-global-iniciativa-da-ongd-solidariedade-internacional-de-galicia\/\"><span style=\"font-family: Regencie;\">anteriormente<\/span><\/a><\/strong><span style=\"font-family: Regencie;\">.<\/span><\/p>\n<p><span style=\"font-family: Regencie;\">Para achegar<\/span><span style=\"font-family: Regencie;\">se<\/span><span style=\"font-family: Regencie;\"> \u00e1s claves da participaci\u00f3n da mocidade galega, empregar<\/span><span style=\"font-family: Regencie;\">anse <\/span><span style=\"font-family: Regencie;\">diferentes fontes de informaci\u00f3n, como a revisi\u00f3n de <\/span><span style=\"font-family: Regencie;\">bibliograf\u00eda<\/span><span style=\"font-family: Regencie;\">, a realizaci\u00f3n dest<\/span><span style=\"font-family: Regencie;\">a<\/span> <strong><a href=\"https:\/\/soligalicia.limesurvey.net\/322386?lang=gl\"><span style=\"font-family: Regencie;\">enquisa<\/span><\/a><\/strong><span style=\"font-family: Regencie;\"> entre as persoas novas, e as achegas dun<\/span> <span style=\"font-family: Regencie;\">grupo motor. Se tes entre 14 e 30 anos, podes acceder \u00e1 enquisa neste enlace:\u00a0<\/span><span style=\"color: #000000;\"><span style=\"font-family: Regencie;\"><span style=\"font-size: medium;\"><strong><a href=\"https:\/\/cutt.ly\/cbvJTiq\"> https:\/\/cutt.ly\/cbvJTiq<\/a><\/strong> . <\/span><\/span><\/span><\/p>\n<p><span style=\"color: #000000;\"><span style=\"font-family: Regencie;\"><span style=\"font-size: medium;\">Convid\u00e1mosvos a difundilo entre a mocidade ao voso arredor! A enquisa estar\u00e1 dispo\u00f1ible ata o 23 de maio! <\/span><\/span><\/span><\/p>\n","protected":false},"excerpt":{"rendered":"<p>Cal \u00e9 o estado da participaci\u00f3n da mocidade galega na actualidade? Cales son as barreiras e cales son os facilitadores para motivar \u00e1s persoas novas a participar? Ten cambiado o modelo de participaci\u00f3n tradicional? Como se pode contribu\u00edr \u00e1 promoci\u00f3n dunha cultura participativa con enfoque da Cidadan\u00eda Global entre a mocidade galega? Estas son algunhas [&hellip;]<\/p>\n","protected":false},"author":3,"featured_media":2187,"comment_status":"open","ping_status":"open","sticky":false,"template":"","format":"standard","meta":{"footnotes":""},"categories":[4],"tags":[178,87,41,174,168,193,39,191,176,192],"_links":{"self":[{"href":"https:\/\/cidadania.coop\/es\/wp-json\/wp\/v2\/posts\/2186"}],"collection":[{"href":"https:\/\/cidadania.coop\/es\/wp-json\/wp\/v2\/posts"}],"about":[{"href":"https:\/\/cidadania.coop\/es\/wp-json\/wp\/v2\/types\/post"}],"author":[{"embeddable":true,"href":"https:\/\/cidadania.coop\/es\/wp-json\/wp\/v2\/users\/3"}],"replies":[{"embeddable":true,"href":"https:\/\/cidadania.coop\/es\/wp-json\/wp\/v2\/comments?post=2186"}],"version-history":[{"count":3,"href":"https:\/\/cidadania.coop\/es\/wp-json\/wp\/v2\/posts\/2186\/revisions"}],"predecessor-version":[{"id":2191,"href":"https:\/\/cidadania.coop\/es\/wp-json\/wp\/v2\/posts\/2186\/revisions\/2191"}],"wp:featuredmedia":[{"embeddable":true,"href":"https:\/\/cidadania.coop\/es\/wp-json\/wp\/v2\/media\/2187"}],"wp:attachment":[{"href":"https:\/\/cidadania.coop\/es\/wp-json\/wp\/v2\/media?parent=2186"}],"wp:term":[{"taxonomy":"category","embeddable":true,"href":"https:\/\/cidadania.coop\/es\/wp-json\/wp\/v2\/categories?post=2186"},{"taxonomy":"post_tag","embeddable":true,"href":"https:\/\/cidadania.coop\/es\/wp-json\/wp\/v2\/tags?post=2186"}],"curies":[{"name":"wp","href":"https:\/\/api.w.org\/{rel}","templated":true}]}}