{"id":2225,"date":"2021-09-27T13:11:49","date_gmt":"2021-09-27T12:11:49","guid":{"rendered":"https:\/\/cidadania.coop\/?p=2225"},"modified":"2023-10-04T16:56:32","modified_gmt":"2023-10-04T15:56:32","slug":"o-sal-do-mar","status":"publish","type":"post","link":"https:\/\/cidadania.coop\/es\/o-sal-do-mar\/","title":{"rendered":"O Sal do Mar"},"content":{"rendered":"<p>Este mes rematou o proxecto promovido polo <a href=\"https:\/\/galp.xunta.gal\/ria-de-arousa\/as-mulleres-do-sector-do-mar-na-arousa-sinalan-a-dixitalizacion-e-a-saude-laboral-como\">GALP R\u00eda de Arousa<\/a> chamado \u00ab<strong>O Sal do Mar: avanzar compartindo<\/strong>\u00ab, coas mulleres do mar como protagonistas. Este proxecto de dinamizaci\u00f3n pretende achegar os fondos do FEMP ao colectivo de mulleres do sector pesqueiro, mediante a realizaci\u00f3n de xornadas e formaci\u00f3ns en base aos seus intereses. Neste ano, realiz\u00e1ronse xornadas relacionadas coa <strong><a href=\"https:\/\/galp.xunta.gal\/ria-de-arousa\/unha-trintena-de-mulleres-participaron-na-primeira-xornada-do-programa-o-sal-do-mar\">comunicaci\u00f3n das profesi\u00f3ns do mar<\/a><\/strong>; dar a co\u00f1ecer a profesi\u00f3n do <a href=\"https:\/\/galp.xunta.gal\/ria-de-arousa\/as-mulleres-raneiras-da-arousa-contan-a-sua-experiencia-nunha-xornada-moi\"><strong>marisqueo a flote e escoitar a voz de mulleres<\/strong><\/a> que se desenvolven nesta profesi\u00f3n ocupada maioritariamente por homes; falamos tam\u00e9n sobre a <strong><a href=\"https:\/\/galp.xunta.gal\/ria-de-arousa\/o-programa-o-sal-do-mar-presenta-en-cambados-accions-en-marcha-sobre-economia-circular\">econom\u00eda circular<\/a><\/strong> e proxectos no territorio que coidan a sostibilidade do medio mari\u00f1o; e por \u00faltimo puidemos desenvolver unha xornada sobre os<strong><a href=\"https:\/\/galp.xunta.gal\/ria-de-arousa\/expertas-en-saude-analizaron-en-boiro-no-marco-de-o-sal-do-mar-como-os-ciclos\"> dereitos sexuais e reprodutivos das mulleres<\/a><\/strong>.<\/p>\n","protected":false},"excerpt":{"rendered":"<p>Este mes rematou o proxecto promovido polo GALP R\u00eda de Arousa chamado \u00abO Sal do Mar: avanzar compartindo\u00ab, coas mulleres do mar como protagonistas. Este proxecto de dinamizaci\u00f3n pretende achegar os fondos do FEMP ao colectivo de mulleres do sector pesqueiro, mediante a realizaci\u00f3n de xornadas e formaci\u00f3ns en base aos seus intereses. Neste ano, [&hellip;]<\/p>\n","protected":false},"author":3,"featured_media":2226,"comment_status":"open","ping_status":"open","sticky":false,"template":"","format":"standard","meta":{"footnotes":""},"categories":[4],"tags":[137,41,133,75,57,71,138],"_links":{"self":[{"href":"https:\/\/cidadania.coop\/es\/wp-json\/wp\/v2\/posts\/2225"}],"collection":[{"href":"https:\/\/cidadania.coop\/es\/wp-json\/wp\/v2\/posts"}],"about":[{"href":"https:\/\/cidadania.coop\/es\/wp-json\/wp\/v2\/types\/post"}],"author":[{"embeddable":true,"href":"https:\/\/cidadania.coop\/es\/wp-json\/wp\/v2\/users\/3"}],"replies":[{"embeddable":true,"href":"https:\/\/cidadania.coop\/es\/wp-json\/wp\/v2\/comments?post=2225"}],"version-history":[{"count":2,"href":"https:\/\/cidadania.coop\/es\/wp-json\/wp\/v2\/posts\/2225\/revisions"}],"predecessor-version":[{"id":2229,"href":"https:\/\/cidadania.coop\/es\/wp-json\/wp\/v2\/posts\/2225\/revisions\/2229"}],"wp:featuredmedia":[{"embeddable":true,"href":"https:\/\/cidadania.coop\/es\/wp-json\/wp\/v2\/media\/2226"}],"wp:attachment":[{"href":"https:\/\/cidadania.coop\/es\/wp-json\/wp\/v2\/media?parent=2225"}],"wp:term":[{"taxonomy":"category","embeddable":true,"href":"https:\/\/cidadania.coop\/es\/wp-json\/wp\/v2\/categories?post=2225"},{"taxonomy":"post_tag","embeddable":true,"href":"https:\/\/cidadania.coop\/es\/wp-json\/wp\/v2\/tags?post=2225"}],"curies":[{"name":"wp","href":"https:\/\/api.w.org\/{rel}","templated":true}]}}