{"id":2287,"date":"2022-03-18T13:58:15","date_gmt":"2022-03-18T12:58:15","guid":{"rendered":"https:\/\/cidadania.coop\/?p=2287"},"modified":"2024-01-04T10:12:35","modified_gmt":"2024-01-04T09:12:35","slug":"acompanamos-ao-centro-de-investigacions-marinas-na-promocion-da-igualdade","status":"publish","type":"post","link":"https:\/\/cidadania.coop\/es\/acompanamos-ao-centro-de-investigacions-marinas-na-promocion-da-igualdade\/","title":{"rendered":"Acompa\u00f1amos ao Centro de Investigaci\u00f3ns Mari\u00f1as na promoci\u00f3n da igualdade"},"content":{"rendered":"<p>O 17 de marzo tivo lugar, na Universidade de Vigo, unha xornada organizada pola comisi\u00f3n de igualdade do<strong> <a href=\"https:\/\/cim.uvigo.gal\/2022\/03\/o-centro-de-investigacion-marina-marca-a-sua-propia-folla-de-ruta-na-promocion-da-igualdade\/?fbclid=IwAR2-lJjd90K3uNSLjub0ABRr6r8zTHZ0pMwE9VSRpC-KF-Hof5c4ret2f5I\">Centro de Investigaci\u00f3ns Mari\u00f1as<\/a><\/strong>, na que abordar a promoci\u00f3n da igualdade na ciencia. A xornada arrancaba coa po\u00f1encia de Capitolina D\u00edaz, catedr\u00e1tica de Sociolox\u00eda, especializada en Sociolox\u00eda da Educaci\u00f3n e Sociolox\u00eda do X\u00e9nero, que enmarcou a promoci\u00f3n da igualdade na ciencia no programa Horizonte Europa. O discurso centrouse en tres \u00e1reas tem\u00e1ticas: a igualdade como imperativo legal e normativa \u00e1 que se te\u00f1en que acoller as universidades, a introduci\u00f3n da perspectiva de x\u00e9nero nas investigaci\u00f3ns; e a promoci\u00f3n dunha cultura institucional sensible ao x\u00e9nero. Despois, \u00c1gueda G\u00f3mez, directora da<strong> <a href=\"https:\/\/www.uvigo.gal\/es\/campus\/igualdad\">Unidade de Igualdade da Universidade de Vigo<\/a><\/strong>, compartiu coas persoas asistentes as acci\u00f3ns que est\u00e1 desenvolvendo a UVigo na promoci\u00f3n da igualdade.<\/p>\n<p>A segunda parte da xornada consist\u00edu na xeraci\u00f3n de grupos de traballo arredor de tres tem\u00e1ticas: traxectoria profesional, maternidades e paternidades, e participaci\u00f3n e toma de decisi\u00f3ns. Ao final da xornada obtivemos unha folla de ruta compartida para que o Centro de Investigaci\u00f3ns Mari\u00f1as siga cami\u00f1ando cara a promoci\u00f3n da igualdade.<\/p>\n","protected":false},"excerpt":{"rendered":"<p>O 17 de marzo tivo lugar, na Universidade de Vigo, unha xornada organizada pola comisi\u00f3n de igualdade do Centro de Investigaci\u00f3ns Mari\u00f1as, na que abordar a promoci\u00f3n da igualdade na ciencia. A xornada arrancaba coa po\u00f1encia de Capitolina D\u00edaz, catedr\u00e1tica de Sociolox\u00eda, especializada en Sociolox\u00eda da Educaci\u00f3n e Sociolox\u00eda do X\u00e9nero, que enmarcou a promoci\u00f3n [&hellip;]<\/p>\n","protected":false},"author":3,"featured_media":2288,"comment_status":"open","ping_status":"open","sticky":false,"template":"","format":"standard","meta":{"footnotes":""},"categories":[4],"tags":[208,75,207],"_links":{"self":[{"href":"https:\/\/cidadania.coop\/es\/wp-json\/wp\/v2\/posts\/2287"}],"collection":[{"href":"https:\/\/cidadania.coop\/es\/wp-json\/wp\/v2\/posts"}],"about":[{"href":"https:\/\/cidadania.coop\/es\/wp-json\/wp\/v2\/types\/post"}],"author":[{"embeddable":true,"href":"https:\/\/cidadania.coop\/es\/wp-json\/wp\/v2\/users\/3"}],"replies":[{"embeddable":true,"href":"https:\/\/cidadania.coop\/es\/wp-json\/wp\/v2\/comments?post=2287"}],"version-history":[{"count":2,"href":"https:\/\/cidadania.coop\/es\/wp-json\/wp\/v2\/posts\/2287\/revisions"}],"predecessor-version":[{"id":2291,"href":"https:\/\/cidadania.coop\/es\/wp-json\/wp\/v2\/posts\/2287\/revisions\/2291"}],"wp:featuredmedia":[{"embeddable":true,"href":"https:\/\/cidadania.coop\/es\/wp-json\/wp\/v2\/media\/2288"}],"wp:attachment":[{"href":"https:\/\/cidadania.coop\/es\/wp-json\/wp\/v2\/media?parent=2287"}],"wp:term":[{"taxonomy":"category","embeddable":true,"href":"https:\/\/cidadania.coop\/es\/wp-json\/wp\/v2\/categories?post=2287"},{"taxonomy":"post_tag","embeddable":true,"href":"https:\/\/cidadania.coop\/es\/wp-json\/wp\/v2\/tags?post=2287"}],"curies":[{"name":"wp","href":"https:\/\/api.w.org\/{rel}","templated":true}]}}