{"id":2309,"date":"2022-06-27T08:37:39","date_gmt":"2022-06-27T07:37:39","guid":{"rendered":"https:\/\/cidadania.coop\/?p=2309"},"modified":"2024-01-04T10:11:14","modified_gmt":"2024-01-04T09:11:14","slug":"celebramos-o-iv-encontro-do-globo","status":"publish","type":"post","link":"https:\/\/cidadania.coop\/es\/celebramos-o-iv-encontro-do-globo\/","title":{"rendered":"Celebramos o IV Encontro de O Globo"},"content":{"rendered":"<p>A semana pasada tivo lugar o IV Encontro do Globo, unha iniciativa promovida por <a href=\"https:\/\/solidaridadgalicia.org\/\">Solidariedade Internacional de Galicia.<\/a> O Globo \u00e9 unha ferramenta para a promoci\u00f3n da cidadan\u00eda global, que promove e recolle <a href=\"http:\/\/globo.solidaridadgalicia.org\/sonda\"><strong>experiencias de transformaci\u00f3n social<\/strong><\/a><strong>.<\/strong> O Encontro tivo lugar en Santiago de Compostela, e contou coa participaci\u00f3n de arredor de 100 persoas, que participaron de espazos com\u00fans, obradoiros creativos, e conexi\u00f3ns con entidades do Sur para co\u00f1ecer as s\u00faas iniciativas. O momento principal do encontro foi a Feira de micro &#8211; experiencias de transformaci\u00f3n social, onde as escolas e os colectivos amosaron \u00e1s persoas asistentes as s\u00faas iniciativas. O Globo contin\u00faa xirando!<\/p>\n","protected":false},"excerpt":{"rendered":"<p>A semana pasada tivo lugar o IV Encontro do Globo, unha iniciativa promovida por Solidariedade Internacional de Galicia. O Globo \u00e9 unha ferramenta para a promoci\u00f3n da cidadan\u00eda global, que promove e recolle experiencias de transformaci\u00f3n social. O Encontro tivo lugar en Santiago de Compostela, e contou coa participaci\u00f3n de arredor de 100 persoas, que [&hellip;]<\/p>\n","protected":false},"author":3,"featured_media":2310,"comment_status":"open","ping_status":"open","sticky":false,"template":"","format":"standard","meta":{"footnotes":""},"categories":[4],"tags":[178,204,41,203,174,168,39,176,192],"_links":{"self":[{"href":"https:\/\/cidadania.coop\/es\/wp-json\/wp\/v2\/posts\/2309"}],"collection":[{"href":"https:\/\/cidadania.coop\/es\/wp-json\/wp\/v2\/posts"}],"about":[{"href":"https:\/\/cidadania.coop\/es\/wp-json\/wp\/v2\/types\/post"}],"author":[{"embeddable":true,"href":"https:\/\/cidadania.coop\/es\/wp-json\/wp\/v2\/users\/3"}],"replies":[{"embeddable":true,"href":"https:\/\/cidadania.coop\/es\/wp-json\/wp\/v2\/comments?post=2309"}],"version-history":[{"count":3,"href":"https:\/\/cidadania.coop\/es\/wp-json\/wp\/v2\/posts\/2309\/revisions"}],"predecessor-version":[{"id":2315,"href":"https:\/\/cidadania.coop\/es\/wp-json\/wp\/v2\/posts\/2309\/revisions\/2315"}],"wp:featuredmedia":[{"embeddable":true,"href":"https:\/\/cidadania.coop\/es\/wp-json\/wp\/v2\/media\/2310"}],"wp:attachment":[{"href":"https:\/\/cidadania.coop\/es\/wp-json\/wp\/v2\/media?parent=2309"}],"wp:term":[{"taxonomy":"category","embeddable":true,"href":"https:\/\/cidadania.coop\/es\/wp-json\/wp\/v2\/categories?post=2309"},{"taxonomy":"post_tag","embeddable":true,"href":"https:\/\/cidadania.coop\/es\/wp-json\/wp\/v2\/tags?post=2309"}],"curies":[{"name":"wp","href":"https:\/\/api.w.org\/{rel}","templated":true}]}}