{"id":2371,"date":"2023-01-11T14:05:18","date_gmt":"2023-01-11T13:05:18","guid":{"rendered":"https:\/\/cidadania.coop\/?p=2371"},"modified":"2023-10-04T16:53:51","modified_gmt":"2023-10-04T15:53:51","slug":"xornadas-provinciais-de-impulso-as-mesas-de-coordinacion-contra-a-violencia-machista","status":"publish","type":"post","link":"https:\/\/cidadania.coop\/es\/xornadas-provinciais-de-impulso-as-mesas-de-coordinacion-contra-a-violencia-machista\/","title":{"rendered":"Xornadas provinciais de impulso \u00e1s Mesas de coordinaci\u00f3n contra a violencia machista"},"content":{"rendered":"<p>A <strong><a href=\"http:\/\/igualdade.xunta.gal\/\">Secretar\u00eda Xeral da Igualdade<\/a><\/strong> desenvolve dende o ano 2018 distintas iniciativas para impulsar a coordinaci\u00f3n inter &#8211; institucional entre axentes que interve\u00f1en en procesos de violencia de x\u00e9nero. A finais do ano 2022, dende Cidadania apoiamos na organizaci\u00f3n de catro xornadas provinciais, nas que participaron arredor de 90 profesionais de perfil t\u00e9cnico e pol\u00edtico.<\/p>\n<p>O obxectivo das xornadas centrouse na xeraci\u00f3n dun espazo de intercambio de co\u00f1ecementos sobre acci\u00f3ns desenvoltas no \u00e1mbito municipal. Nestas xornadas lev\u00e1ronse a cabo faladoiros e grupos de traballo nos que promover a transferencia de experiencias de \u00e9xito postas en marcha desde os territorios en termos de intervenci\u00f3n contra a violencia de x\u00e9nero. Ademais, os espazos permitiron po\u00f1er\u00a0 en com\u00fan boas pr\u00e1cticas de coordinaci\u00f3n e intervenci\u00f3n, promovendo o fortalecemento da rede institucional contra a violencia de x\u00e9nero.<\/p>\n<p>Podes ler m\u00e1is sobre as xornadas neste <strong><a href=\"https:\/\/www.xunta.gal\/notas-de-prensa\/-\/nova\/76141\/preto-90-profesionais-participan-nas-xornadas-sesions-formacions-para-impulsar?langId=gl_ES&amp;fbclid=IwAR2LA51UE0xQjtDRdldKXU7VuUfWvz_SztU9WEsUDF3BTDxHlpXLwFS5DCg\">enlace<\/a><\/strong>.<\/p>\n","protected":false},"excerpt":{"rendered":"<p>A Secretar\u00eda Xeral da Igualdade desenvolve dende o ano 2018 distintas iniciativas para impulsar a coordinaci\u00f3n inter &#8211; institucional entre axentes que interve\u00f1en en procesos de violencia de x\u00e9nero. A finais do ano 2022, dende Cidadania apoiamos na organizaci\u00f3n de catro xornadas provinciais, nas que participaron arredor de 90 profesionais de perfil t\u00e9cnico e pol\u00edtico. [&hellip;]<\/p>\n","protected":false},"author":3,"featured_media":2372,"comment_status":"open","ping_status":"open","sticky":false,"template":"","format":"standard","meta":{"footnotes":""},"categories":[4],"tags":[142,143,140,76,41,75,139,79,141],"_links":{"self":[{"href":"https:\/\/cidadania.coop\/es\/wp-json\/wp\/v2\/posts\/2371"}],"collection":[{"href":"https:\/\/cidadania.coop\/es\/wp-json\/wp\/v2\/posts"}],"about":[{"href":"https:\/\/cidadania.coop\/es\/wp-json\/wp\/v2\/types\/post"}],"author":[{"embeddable":true,"href":"https:\/\/cidadania.coop\/es\/wp-json\/wp\/v2\/users\/3"}],"replies":[{"embeddable":true,"href":"https:\/\/cidadania.coop\/es\/wp-json\/wp\/v2\/comments?post=2371"}],"version-history":[{"count":5,"href":"https:\/\/cidadania.coop\/es\/wp-json\/wp\/v2\/posts\/2371\/revisions"}],"predecessor-version":[{"id":2417,"href":"https:\/\/cidadania.coop\/es\/wp-json\/wp\/v2\/posts\/2371\/revisions\/2417"}],"wp:featuredmedia":[{"embeddable":true,"href":"https:\/\/cidadania.coop\/es\/wp-json\/wp\/v2\/media\/2372"}],"wp:attachment":[{"href":"https:\/\/cidadania.coop\/es\/wp-json\/wp\/v2\/media?parent=2371"}],"wp:term":[{"taxonomy":"category","embeddable":true,"href":"https:\/\/cidadania.coop\/es\/wp-json\/wp\/v2\/categories?post=2371"},{"taxonomy":"post_tag","embeddable":true,"href":"https:\/\/cidadania.coop\/es\/wp-json\/wp\/v2\/tags?post=2371"}],"curies":[{"name":"wp","href":"https:\/\/api.w.org\/{rel}","templated":true}]}}