{"id":2419,"date":"2023-03-03T09:49:27","date_gmt":"2023-03-03T08:49:27","guid":{"rendered":"https:\/\/cidadania.coop\/?p=2419"},"modified":"2023-05-10T12:29:26","modified_gmt":"2023-05-10T11:29:26","slug":"asistimos-ao-ii-encontro-da-red-de-innovacion-en-procesos-participativos-riepp","status":"publish","type":"post","link":"https:\/\/cidadania.coop\/es\/asistimos-ao-ii-encontro-da-red-de-innovacion-en-procesos-participativos-riepp\/","title":{"rendered":"Asistimos ao II Encontro da Red de Innovaci\u00f3n en Procesos Participativos (RIEPP)"},"content":{"rendered":"<p>Cidadania viaxou ata Valencia ao II Encontro da Red de Innovaci\u00f3n en Procesos Participativos (RIEPP) un espazo de <span id=\"page5R_mcid10\" class=\"markedContent\"><span dir=\"ltr\" role=\"presentation\">traballo e encontro de entidades e colectivos de profesionais, para <\/span><span dir=\"ltr\" role=\"presentation\">intercambiar<\/span> <span dir=\"ltr\" role=\"presentation\">ideas,<\/span><\/span><span id=\"page5R_mcid11\" class=\"markedContent\"><span dir=\"ltr\" role=\"presentation\"> proxectos e experiencias sobre los procesos participativos.<\/span><\/span><\/p>\n<p>Participamos m\u00e1is de 70 persoas procedentes de distintas comunidades aut\u00f3nomas e con perf\u00eds diversos (\u00e1mbito acad\u00e9mico, administraci\u00f3ns, profesionais, activistas, estudantes,\u2026), pero co interese com\u00fan por analizar e propo\u00f1er innovaci\u00f3ns e melloras metodol\u00f3xicas nos actuais procesos de participaci\u00f3n cidad\u00e1 e social.<\/p>\n<p><span id=\"page5R_mcid11\" class=\"markedContent\"><span dir=\"ltr\" role=\"presentation\"> Unhas xornadas de interese onde aprender, compartir e encontrarse con xente amiga. M\u00e1is infomaci\u00f3n na p\u00e1xina web da <strong><a href=\"https:\/\/redinparticipacion.org\/2023\/03\/02\/finaliza-con-exito-el-segundo-encuentro-anual-de-la-riepp\/\">Red de Innovaci\u00f3n en Procesos Participativos.<\/a><\/strong><\/span><\/span><\/p>\n","protected":false},"excerpt":{"rendered":"<p>Cidadania viaxou ata Valencia ao II Encontro da Red de Innovaci\u00f3n en Procesos Participativos (RIEPP) un espazo de traballo e encontro de entidades e colectivos de profesionais, para intercambiar ideas, proxectos e experiencias sobre los procesos participativos. Participamos m\u00e1is de 70 persoas procedentes de distintas comunidades aut\u00f3nomas e con perf\u00eds diversos (\u00e1mbito acad\u00e9mico, administraci\u00f3ns, profesionais, [&hellip;]<\/p>\n","protected":false},"author":3,"featured_media":2420,"comment_status":"open","ping_status":"open","sticky":false,"template":"","format":"standard","meta":{"footnotes":""},"categories":[4],"tags":[47,46,45,39,48,43,44,74],"_links":{"self":[{"href":"https:\/\/cidadania.coop\/es\/wp-json\/wp\/v2\/posts\/2419"}],"collection":[{"href":"https:\/\/cidadania.coop\/es\/wp-json\/wp\/v2\/posts"}],"about":[{"href":"https:\/\/cidadania.coop\/es\/wp-json\/wp\/v2\/types\/post"}],"author":[{"embeddable":true,"href":"https:\/\/cidadania.coop\/es\/wp-json\/wp\/v2\/users\/3"}],"replies":[{"embeddable":true,"href":"https:\/\/cidadania.coop\/es\/wp-json\/wp\/v2\/comments?post=2419"}],"version-history":[{"count":2,"href":"https:\/\/cidadania.coop\/es\/wp-json\/wp\/v2\/posts\/2419\/revisions"}],"predecessor-version":[{"id":2631,"href":"https:\/\/cidadania.coop\/es\/wp-json\/wp\/v2\/posts\/2419\/revisions\/2631"}],"wp:featuredmedia":[{"embeddable":true,"href":"https:\/\/cidadania.coop\/es\/wp-json\/wp\/v2\/media\/2420"}],"wp:attachment":[{"href":"https:\/\/cidadania.coop\/es\/wp-json\/wp\/v2\/media?parent=2419"}],"wp:term":[{"taxonomy":"category","embeddable":true,"href":"https:\/\/cidadania.coop\/es\/wp-json\/wp\/v2\/categories?post=2419"},{"taxonomy":"post_tag","embeddable":true,"href":"https:\/\/cidadania.coop\/es\/wp-json\/wp\/v2\/tags?post=2419"}],"curies":[{"name":"wp","href":"https:\/\/api.w.org\/{rel}","templated":true}]}}