{"id":2579,"date":"2023-05-02T08:17:10","date_gmt":"2023-05-02T07:17:10","guid":{"rendered":"https:\/\/cidadania.coop\/?p=2579"},"modified":"2023-05-15T12:32:45","modified_gmt":"2023-05-15T11:32:45","slug":"encontros-emprendedores-no-marco-da-axenda-urbana-2030-do-concello-de-santiago","status":"publish","type":"post","link":"https:\/\/cidadania.coop\/es\/encontros-emprendedores-no-marco-da-axenda-urbana-2030-do-concello-de-santiago\/","title":{"rendered":"Encontros emprendedores no marco da Axenda Urbana 2030 do Concello de Santiago"},"content":{"rendered":"<p>Ao longo do 2023, a trav\u00e9s do <em><a href=\"http:\/\/www.cersiaempresa.org\/es\">CERSIA<\/a>,<\/em> estamos a desenvolver Encontros Emprendedores para difundir as li\u00f1as mestras da diagnose e o plan de acci\u00f3n da <strong><a href=\"http:\/\/axendaurbana2030santiago.gal\/es\/\">Axenda Urbana 2030<\/a><\/strong>. Estes encontros pretenden motivar o emprendemento de novas iniciativas mediante o co\u00f1ecemento de experiencias inspiradoras que xa est\u00e1n desenvolvendo a s\u00faa actividade empresarial no marco dos obxectivos de desenvolvemento sostible.<\/p>\n<p>O primeiro Encontro Emprendedor xirou arredor do eixo <a href=\"http:\/\/axendaurbana2030santiago.gal\/es\/buena-acogida-a-la-primera-jornada-de-los-encuentros-emprendedores-de-la-agenda-urbana-2030-de-santiago\/\"><strong>Territorio, Paisaxe e Biodiversidade<\/strong><\/a>, onde <em><a href=\"https:\/\/www.facebook.com\/7Hcoop\/\">7H Cooperativa Cultural<\/a><\/em> puxo en com\u00fan a s\u00faa experiencia xerando a cooperativa dende o seu inicio, e destacando alg\u00fans dos proxectos mais relevantes, en clave de intervenci\u00f3n sobre a paisaxe en clave comunitaria.<\/p>\n<p><img loading=\"lazy\" decoding=\"async\" class=\"alignnone size-full wp-image-2590\" src=\"https:\/\/cidadania.coop\/wp-content\/uploads\/2023\/05\/IMG_20230228_102747-scaled.jpg\" alt=\"\" width=\"2560\" height=\"1920\" srcset=\"https:\/\/cidadania.coop\/wp-content\/uploads\/2023\/05\/IMG_20230228_102747-scaled.jpg 2560w, https:\/\/cidadania.coop\/wp-content\/uploads\/2023\/05\/IMG_20230228_102747-300x225.jpg 300w, https:\/\/cidadania.coop\/wp-content\/uploads\/2023\/05\/IMG_20230228_102747-1030x773.jpg 1030w, https:\/\/cidadania.coop\/wp-content\/uploads\/2023\/05\/IMG_20230228_102747-768x576.jpg 768w, https:\/\/cidadania.coop\/wp-content\/uploads\/2023\/05\/IMG_20230228_102747-1536x1152.jpg 1536w, https:\/\/cidadania.coop\/wp-content\/uploads\/2023\/05\/IMG_20230228_102747-2048x1536.jpg 2048w, https:\/\/cidadania.coop\/wp-content\/uploads\/2023\/05\/IMG_20230228_102747-1500x1125.jpg 1500w, https:\/\/cidadania.coop\/wp-content\/uploads\/2023\/05\/IMG_20230228_102747-705x529.jpg 705w, https:\/\/cidadania.coop\/wp-content\/uploads\/2023\/05\/IMG_20230228_102747-580x435.jpg 580w, https:\/\/cidadania.coop\/wp-content\/uploads\/2023\/05\/IMG_20230228_102747-90x68.jpg 90w, https:\/\/cidadania.coop\/wp-content\/uploads\/2023\/05\/IMG_20230228_102747-150x113.jpg 150w\" sizes=\"(max-width: 2560px) 100vw, 2560px\" \/><\/p>\n<p>O segundo Encontro Emprendedor formulouse como un debate coas persoas participantes sobre o <strong><a href=\"http:\/\/axendaurbana2030santiago.gal\/es\/el-ii-encuentro-emprendedor-de-la-agenda-urbana-2030-destaco-la-importancia-de-la-participacion-vecinal-en-la-transformacion-del-modelo-de-ciudad\/\">Modelo de Cidade<\/a><\/strong>, contando coas experiencias marco de <em><a href=\"http:\/\/www.dehistoria.net\/\">DeHistoria<\/a><\/em> e <em><a href=\"https:\/\/www.mmasa.net\/quienes-somos\/\">Estudio MMASA<\/a><\/em>. O espazo permitiu reflexionar, dende o movemento veci\u00f1al e comunitario, xunto coa perspectiva urban\u00edstica, como concibimos a cidade no futuro.<\/p>\n<p><img loading=\"lazy\" decoding=\"async\" class=\"alignnone size-full wp-image-2592\" src=\"https:\/\/cidadania.coop\/wp-content\/uploads\/2023\/05\/IMG_20230321_104318-scaled.jpg\" alt=\"\" width=\"2560\" height=\"1920\" srcset=\"https:\/\/cidadania.coop\/wp-content\/uploads\/2023\/05\/IMG_20230321_104318-scaled.jpg 2560w, https:\/\/cidadania.coop\/wp-content\/uploads\/2023\/05\/IMG_20230321_104318-300x225.jpg 300w, https:\/\/cidadania.coop\/wp-content\/uploads\/2023\/05\/IMG_20230321_104318-1030x773.jpg 1030w, https:\/\/cidadania.coop\/wp-content\/uploads\/2023\/05\/IMG_20230321_104318-768x576.jpg 768w, https:\/\/cidadania.coop\/wp-content\/uploads\/2023\/05\/IMG_20230321_104318-1536x1152.jpg 1536w, https:\/\/cidadania.coop\/wp-content\/uploads\/2023\/05\/IMG_20230321_104318-2048x1536.jpg 2048w, https:\/\/cidadania.coop\/wp-content\/uploads\/2023\/05\/IMG_20230321_104318-1500x1125.jpg 1500w, https:\/\/cidadania.coop\/wp-content\/uploads\/2023\/05\/IMG_20230321_104318-705x529.jpg 705w, https:\/\/cidadania.coop\/wp-content\/uploads\/2023\/05\/IMG_20230321_104318-580x435.jpg 580w, https:\/\/cidadania.coop\/wp-content\/uploads\/2023\/05\/IMG_20230321_104318-90x68.jpg 90w, https:\/\/cidadania.coop\/wp-content\/uploads\/2023\/05\/IMG_20230321_104318-150x113.jpg 150w\" sizes=\"(max-width: 2560px) 100vw, 2560px\" \/><\/p>\n<p>No terceiro Encontro Emprendedor abordamos a tem\u00e1tica do <strong>Cambio Clim\u00e1tico e Resiliencia<\/strong>, acheg\u00e1ndonos \u00e1 experiencia de <em><a href=\"https:\/\/feitoriaverde.com\/\">Feitor\u00eda Verde<\/a><\/em> como referente na educaci\u00f3n ambiental. Puidemos, ademais, po\u00f1er en com\u00fan acci\u00f3ns que se deben promover a nivel local para paliar os impactos negativos desta crise global.<\/p>\n<p><img loading=\"lazy\" decoding=\"async\" class=\"alignnone size-full wp-image-2594\" src=\"https:\/\/cidadania.coop\/wp-content\/uploads\/2023\/05\/WhatsApp-Image-2023-04-25-at-13.55.32-1-e1683011504368.jpeg\" alt=\"\" width=\"2000\" height=\"1500\" srcset=\"https:\/\/cidadania.coop\/wp-content\/uploads\/2023\/05\/WhatsApp-Image-2023-04-25-at-13.55.32-1-e1683011504368.jpeg 2000w, https:\/\/cidadania.coop\/wp-content\/uploads\/2023\/05\/WhatsApp-Image-2023-04-25-at-13.55.32-1-e1683011504368-300x225.jpeg 300w, https:\/\/cidadania.coop\/wp-content\/uploads\/2023\/05\/WhatsApp-Image-2023-04-25-at-13.55.32-1-e1683011504368-1030x773.jpeg 1030w, https:\/\/cidadania.coop\/wp-content\/uploads\/2023\/05\/WhatsApp-Image-2023-04-25-at-13.55.32-1-e1683011504368-768x576.jpeg 768w, https:\/\/cidadania.coop\/wp-content\/uploads\/2023\/05\/WhatsApp-Image-2023-04-25-at-13.55.32-1-e1683011504368-1536x1152.jpeg 1536w, https:\/\/cidadania.coop\/wp-content\/uploads\/2023\/05\/WhatsApp-Image-2023-04-25-at-13.55.32-1-e1683011504368-1500x1125.jpeg 1500w, https:\/\/cidadania.coop\/wp-content\/uploads\/2023\/05\/WhatsApp-Image-2023-04-25-at-13.55.32-1-e1683011504368-705x529.jpeg 705w, https:\/\/cidadania.coop\/wp-content\/uploads\/2023\/05\/WhatsApp-Image-2023-04-25-at-13.55.32-1-e1683011504368-580x435.jpeg 580w, https:\/\/cidadania.coop\/wp-content\/uploads\/2023\/05\/WhatsApp-Image-2023-04-25-at-13.55.32-1-e1683011504368-90x68.jpeg 90w, https:\/\/cidadania.coop\/wp-content\/uploads\/2023\/05\/WhatsApp-Image-2023-04-25-at-13.55.32-1-e1683011504368-150x113.jpeg 150w\" sizes=\"(max-width: 2000px) 100vw, 2000px\" \/>\u00a0O vindeiro Encontro Emprendedor ter\u00e1 lugar o d\u00eda 16 de maio, e xirar\u00e1 entorno \u00e1 Econom\u00eda Circular. Podes inscribirte neste <strong><a href=\"https:\/\/forms.gle\/rZsGUFKmKW3y2dSx9\">enlace<\/a>.<\/strong><\/p>\n<p>&nbsp;<\/p>\n<p>&nbsp;<\/p>\n","protected":false},"excerpt":{"rendered":"<p>A Axenda Urbana 2030 define, de forma participativa, cales son os retos de futuro e o plan de acci\u00f3n para a cidade. A trav\u00e9s dos Encontros Emprendedores visibil\u00edzase este proceso a trav\u00e9s de iniciativas cooperativas na contorna.<\/p>\n","protected":false},"author":3,"featured_media":2601,"comment_status":"open","ping_status":"open","sticky":false,"template":"","format":"standard","meta":{"footnotes":""},"categories":[4],"tags":[25,24,42,35,26,32,33,40,28,30,31,41,37,34,39,36],"_links":{"self":[{"href":"https:\/\/cidadania.coop\/es\/wp-json\/wp\/v2\/posts\/2579"}],"collection":[{"href":"https:\/\/cidadania.coop\/es\/wp-json\/wp\/v2\/posts"}],"about":[{"href":"https:\/\/cidadania.coop\/es\/wp-json\/wp\/v2\/types\/post"}],"author":[{"embeddable":true,"href":"https:\/\/cidadania.coop\/es\/wp-json\/wp\/v2\/users\/3"}],"replies":[{"embeddable":true,"href":"https:\/\/cidadania.coop\/es\/wp-json\/wp\/v2\/comments?post=2579"}],"version-history":[{"count":10,"href":"https:\/\/cidadania.coop\/es\/wp-json\/wp\/v2\/posts\/2579\/revisions"}],"predecessor-version":[{"id":2715,"href":"https:\/\/cidadania.coop\/es\/wp-json\/wp\/v2\/posts\/2579\/revisions\/2715"}],"wp:featuredmedia":[{"embeddable":true,"href":"https:\/\/cidadania.coop\/es\/wp-json\/wp\/v2\/media\/2601"}],"wp:attachment":[{"href":"https:\/\/cidadania.coop\/es\/wp-json\/wp\/v2\/media?parent=2579"}],"wp:term":[{"taxonomy":"category","embeddable":true,"href":"https:\/\/cidadania.coop\/es\/wp-json\/wp\/v2\/categories?post=2579"},{"taxonomy":"post_tag","embeddable":true,"href":"https:\/\/cidadania.coop\/es\/wp-json\/wp\/v2\/tags?post=2579"}],"curies":[{"name":"wp","href":"https:\/\/api.w.org\/{rel}","templated":true}]}}