{"id":2887,"date":"2023-10-19T17:27:29","date_gmt":"2023-10-19T16:27:29","guid":{"rendered":"https:\/\/cidadania.coop\/?p=2887"},"modified":"2023-10-19T17:28:46","modified_gmt":"2023-10-19T16:28:46","slug":"ultimos-encontros-emprendedores-da-axenda-urbana-2030-do-concello-de-santiago","status":"publish","type":"post","link":"https:\/\/cidadania.coop\/es\/ultimos-encontros-emprendedores-da-axenda-urbana-2030-do-concello-de-santiago\/","title":{"rendered":"Ciclo de Encontros Emprendedores da Axenda Urbana 2030 do Concello de Santiago"},"content":{"rendered":"<p>O Concello de Santiago, a trav\u00e9s do <em><a href=\"http:\/\/www.cersiaempresa.org\/es\">CERSIA<\/a>,<\/em> desenvolveu o ciclo de Encontros Emprendedores, co obxectivo de difundir as li\u00f1as mestras da diagnose e o plan de acci\u00f3n da <strong><a href=\"http:\/\/axendaurbana2030santiago.gal\/es\/\">Axenda Urbana 2030<\/a><\/strong>. Estes encontros pretenden motivar o emprendemento de novas iniciativas mediante a posta en com\u00fan de <a href=\"https:\/\/cidadania.coop\/continuan-os-encontros-emprendedores-no-marco-da-axenda-urbana-2030-do-concello-de-santiago\/\"><strong>experiencias inspiradoras<\/strong><\/a>\u00a0que xa est\u00e1n desenvolvendo a s\u00faa actividade empresarial no marco dos obxectivos de desenvolvemento sostible.<\/p>\n<p>No ver\u00e1n contamos coa participaci\u00f3n de <strong><a href=\"https:\/\/www.larlilas.com\/\">Larlil\u00e1s<\/a><\/strong>, asociaci\u00f3n sen \u00e1nimo de lucro arredor da<strong><a href=\"https:\/\/www.instagram.com\/p\/CxGTQ-OM25K\/\"> vivenda colaborativa na vellez<\/a><\/strong>. Este encontro xerou moito interese entre a cidadan\u00eda, e permitiunos repensar a vellez, o benestar e os coidados. Contamos ademais coa presenza de Iago Lesteg\u00e1s, Concelleiro de urbanismo, vivenda e cidade hist\u00f3rica, que compartiu algunhas claves sobre a vivenda e a calidade de vida no centro urb\u00e1n.<\/p>\n<p>Setembro foi o mes no que abordamos a tem\u00e1tica Era Dixital, cristalizada en proxectos que empregan os medios telem\u00e1ticos como unha parte importante o seu desenvolvemento. O Encontro Emprendedor reuniunos no espazo <strong><a href=\"https:\/\/creativasgalegas.gal\/\">Creativas Galegas<\/a><\/strong>, arredor do proxecto <strong><a href=\"https:\/\/www.instagram.com\/p\/CyBLzjrsQTZ\/\">El Camino ESS<\/a><\/strong> promovido por <strong><a href=\"https:\/\/reas.red\/reas-galicia\/inicio-reas-galicia\/\">REAS Galicia<\/a><\/strong>. Esta iniciativa tece unha rede de proxectos de econom\u00eda social e solidaria arredor do turismo alternativo, xerando un impacto positivo para o territorio e as persoas que habitan nel.<\/p>\n<p><img loading=\"lazy\" decoding=\"async\" class=\"alignnone size-full wp-image-2892\" src=\"https:\/\/cidadania.coop\/wp-content\/uploads\/2023\/10\/IMG_20230919_103210-scaled.jpg\" alt=\"\" width=\"2560\" height=\"1920\" srcset=\"https:\/\/cidadania.coop\/wp-content\/uploads\/2023\/10\/IMG_20230919_103210-scaled.jpg 2560w, https:\/\/cidadania.coop\/wp-content\/uploads\/2023\/10\/IMG_20230919_103210-300x225.jpg 300w, https:\/\/cidadania.coop\/wp-content\/uploads\/2023\/10\/IMG_20230919_103210-1030x773.jpg 1030w, https:\/\/cidadania.coop\/wp-content\/uploads\/2023\/10\/IMG_20230919_103210-768x576.jpg 768w, https:\/\/cidadania.coop\/wp-content\/uploads\/2023\/10\/IMG_20230919_103210-1536x1152.jpg 1536w, https:\/\/cidadania.coop\/wp-content\/uploads\/2023\/10\/IMG_20230919_103210-2048x1536.jpg 2048w, https:\/\/cidadania.coop\/wp-content\/uploads\/2023\/10\/IMG_20230919_103210-1500x1125.jpg 1500w, https:\/\/cidadania.coop\/wp-content\/uploads\/2023\/10\/IMG_20230919_103210-705x529.jpg 705w, https:\/\/cidadania.coop\/wp-content\/uploads\/2023\/10\/IMG_20230919_103210-580x435.jpg 580w, https:\/\/cidadania.coop\/wp-content\/uploads\/2023\/10\/IMG_20230919_103210-90x68.jpg 90w, https:\/\/cidadania.coop\/wp-content\/uploads\/2023\/10\/IMG_20230919_103210-150x113.jpg 150w\" sizes=\"(max-width: 2560px) 100vw, 2560px\" \/><\/p>\n<p>Esta semana celebramos o 9\u00ba Encontro Emprendedor, arredor do eixo tem\u00e1tico Gobernanza. <strong><a href=\"https:\/\/coop57.coop\/gl\">Coop57 Galiza<\/a><\/strong>, entidade referente e consolidada no territorio, achegounos ao seu funcionamento interno baixo os piares da participaci\u00f3n, da democracia interna e da auto &#8211; organizaci\u00f3n. Ademais, puidemos aprender da s\u00faa actividade principal como instrumento financeiro ao servizo de proxectos transformadores no marco da econom\u00eda social.<\/p>\n<p><img loading=\"lazy\" decoding=\"async\" class=\"alignnone size-full wp-image-2898\" src=\"https:\/\/cidadania.coop\/wp-content\/uploads\/2023\/10\/IMG_20231017_101459-scaled.jpg\" alt=\"\" width=\"2560\" height=\"1920\" srcset=\"https:\/\/cidadania.coop\/wp-content\/uploads\/2023\/10\/IMG_20231017_101459-scaled.jpg 2560w, https:\/\/cidadania.coop\/wp-content\/uploads\/2023\/10\/IMG_20231017_101459-300x225.jpg 300w, https:\/\/cidadania.coop\/wp-content\/uploads\/2023\/10\/IMG_20231017_101459-1030x773.jpg 1030w, https:\/\/cidadania.coop\/wp-content\/uploads\/2023\/10\/IMG_20231017_101459-768x576.jpg 768w, https:\/\/cidadania.coop\/wp-content\/uploads\/2023\/10\/IMG_20231017_101459-1536x1152.jpg 1536w, https:\/\/cidadania.coop\/wp-content\/uploads\/2023\/10\/IMG_20231017_101459-2048x1536.jpg 2048w, https:\/\/cidadania.coop\/wp-content\/uploads\/2023\/10\/IMG_20231017_101459-1500x1125.jpg 1500w, https:\/\/cidadania.coop\/wp-content\/uploads\/2023\/10\/IMG_20231017_101459-705x529.jpg 705w, https:\/\/cidadania.coop\/wp-content\/uploads\/2023\/10\/IMG_20231017_101459-580x435.jpg 580w, https:\/\/cidadania.coop\/wp-content\/uploads\/2023\/10\/IMG_20231017_101459-90x68.jpg 90w, https:\/\/cidadania.coop\/wp-content\/uploads\/2023\/10\/IMG_20231017_101459-150x113.jpg 150w\" sizes=\"(max-width: 2560px) 100vw, 2560px\" \/><\/p>\n<p>Se a\u00ednda non participaches, a\u00ednda est\u00e1s a tempo! O \u00faltimo Encontro Emprendedor ter\u00e1 lugar no mes de novembro. Podes obter m\u00e1is informaci\u00f3n sobre a Axenda Urbana 2030 na p\u00e1xina web do <strong><a href=\"http:\/\/santiagodecompostela.gal\/\">Concello de Santiago<\/a><\/strong>.<\/p>\n","protected":false},"excerpt":{"rendered":"<p>Os Encontros Emprendedores do Concello de Santiago son espazos de reflexi\u00f3n e debate cidad\u00e1 arredor dos eixos da Axenda Urbana 2030. O ciclo de encontros contin\u00faa arredor da vivenda, era dixital e gobernanza.<\/p>\n","protected":false},"author":3,"featured_media":2888,"comment_status":"open","ping_status":"open","sticky":false,"template":"","format":"standard","meta":{"footnotes":""},"categories":[4],"tags":[25,24,42,26,32,33,30,31,41,53,39,147],"_links":{"self":[{"href":"https:\/\/cidadania.coop\/es\/wp-json\/wp\/v2\/posts\/2887"}],"collection":[{"href":"https:\/\/cidadania.coop\/es\/wp-json\/wp\/v2\/posts"}],"about":[{"href":"https:\/\/cidadania.coop\/es\/wp-json\/wp\/v2\/types\/post"}],"author":[{"embeddable":true,"href":"https:\/\/cidadania.coop\/es\/wp-json\/wp\/v2\/users\/3"}],"replies":[{"embeddable":true,"href":"https:\/\/cidadania.coop\/es\/wp-json\/wp\/v2\/comments?post=2887"}],"version-history":[{"count":7,"href":"https:\/\/cidadania.coop\/es\/wp-json\/wp\/v2\/posts\/2887\/revisions"}],"predecessor-version":[{"id":2901,"href":"https:\/\/cidadania.coop\/es\/wp-json\/wp\/v2\/posts\/2887\/revisions\/2901"}],"wp:featuredmedia":[{"embeddable":true,"href":"https:\/\/cidadania.coop\/es\/wp-json\/wp\/v2\/media\/2888"}],"wp:attachment":[{"href":"https:\/\/cidadania.coop\/es\/wp-json\/wp\/v2\/media?parent=2887"}],"wp:term":[{"taxonomy":"category","embeddable":true,"href":"https:\/\/cidadania.coop\/es\/wp-json\/wp\/v2\/categories?post=2887"},{"taxonomy":"post_tag","embeddable":true,"href":"https:\/\/cidadania.coop\/es\/wp-json\/wp\/v2\/tags?post=2887"}],"curies":[{"name":"wp","href":"https:\/\/api.w.org\/{rel}","templated":true}]}}