{"id":2934,"date":"2023-10-30T12:08:40","date_gmt":"2023-10-30T11:08:40","guid":{"rendered":"https:\/\/cidadania.coop\/?p=2934"},"modified":"2024-01-04T10:08:19","modified_gmt":"2024-01-04T09:08:19","slug":"bono-consolida-2","status":"publish","type":"post","link":"https:\/\/cidadania.coop\/es\/bono-consolida-2\/","title":{"rendered":"Bono consolida"},"content":{"rendered":"<p><main class=\"content units av-content-small alpha \" role=\"main\"><\/p>\n<article class=\"post-entry post-entry-type-standard post-entry-2249 post-loop-1 post-parity-odd post-entry-last single-big with-slider post-2249 post type-post status-publish format-standard has-post-thumbnail hentry category-actualidade\">\n<div class=\"entry-content-wrapper clearfix standard-content\">\n<div class=\"entry-content\">\n<p>Este ano foinos concedida unha axuda do Bono Consolida Econom\u00eda Social. Dita axuda est\u00e1 destinada \u00e1 adquisici\u00f3n de equipamento inform\u00e1tico. Dita axuda foi concedida pola Conseller\u00eda de Emprego e Igualdade e financiada polo Servizo P\u00fablico de Emprego Estatal.<\/p>\n<\/div>\n<\/div>\n<\/article>\n<p><\/main><\/p>\n<aside class=\"sidebar sidebar_right   alpha units\" role=\"complementary\">\n<div class=\"inner_sidebar extralight-border\">\n<section id=\"text-2\" class=\"widget clearfix widget_text\">\n<div class=\"textwidget\"><\/div>\n<\/section>\n<section id=\"publicacionsbox-2\" class=\"widget clearfix newsbox\"><\/section>\n<\/div>\n<\/aside>\n","protected":false},"excerpt":{"rendered":"<p>Este ano foinos concedida unha axuda do Bono Consolida Econom\u00eda Social. Dita axuda est\u00e1 destinada \u00e1 adquisici\u00f3n de equipamento inform\u00e1tico. Dita axuda foi concedida pola Conseller\u00eda de Emprego e Igualdade e financiada polo Servizo P\u00fablico de Emprego Estatal.<\/p>\n","protected":false},"author":3,"featured_media":2935,"comment_status":"open","ping_status":"open","sticky":false,"template":"","format":"standard","meta":{"footnotes":""},"categories":[4],"tags":[197,194,198,195,32,196,199],"_links":{"self":[{"href":"https:\/\/cidadania.coop\/es\/wp-json\/wp\/v2\/posts\/2934"}],"collection":[{"href":"https:\/\/cidadania.coop\/es\/wp-json\/wp\/v2\/posts"}],"about":[{"href":"https:\/\/cidadania.coop\/es\/wp-json\/wp\/v2\/types\/post"}],"author":[{"embeddable":true,"href":"https:\/\/cidadania.coop\/es\/wp-json\/wp\/v2\/users\/3"}],"replies":[{"embeddable":true,"href":"https:\/\/cidadania.coop\/es\/wp-json\/wp\/v2\/comments?post=2934"}],"version-history":[{"count":2,"href":"https:\/\/cidadania.coop\/es\/wp-json\/wp\/v2\/posts\/2934\/revisions"}],"predecessor-version":[{"id":2938,"href":"https:\/\/cidadania.coop\/es\/wp-json\/wp\/v2\/posts\/2934\/revisions\/2938"}],"wp:featuredmedia":[{"embeddable":true,"href":"https:\/\/cidadania.coop\/es\/wp-json\/wp\/v2\/media\/2935"}],"wp:attachment":[{"href":"https:\/\/cidadania.coop\/es\/wp-json\/wp\/v2\/media?parent=2934"}],"wp:term":[{"taxonomy":"category","embeddable":true,"href":"https:\/\/cidadania.coop\/es\/wp-json\/wp\/v2\/categories?post=2934"},{"taxonomy":"post_tag","embeddable":true,"href":"https:\/\/cidadania.coop\/es\/wp-json\/wp\/v2\/tags?post=2934"}],"curies":[{"name":"wp","href":"https:\/\/api.w.org\/{rel}","templated":true}]}}