{"id":3054,"date":"2024-02-05T17:06:12","date_gmt":"2024-02-05T16:06:12","guid":{"rendered":"https:\/\/cidadania.coop\/?p=3054"},"modified":"2024-02-05T17:06:12","modified_gmt":"2024-02-05T16:06:12","slug":"presentase-o-mapa-das-mulleres-da-pesca-da-provincia-da-coruna","status":"publish","type":"post","link":"https:\/\/cidadania.coop\/es\/presentase-o-mapa-das-mulleres-da-pesca-da-provincia-da-coruna\/","title":{"rendered":"Pres\u00e9ntase o mapa das mulleres da pesca da provincia da Coru\u00f1a"},"content":{"rendered":"<p>A pasada fin de semana a <a href=\"https:\/\/www.anmupesca.org\/se-presenta-el-mapa-de-las-mujeres-de-la-pesca-en-la-provincia-de-a-coruna\/\"><strong>Asociaci\u00f3n Nacional de Mujeres de la Pesca (ANMUPESCA)<\/strong><\/a> presentou o mapa das mulleres da pesca na provincia da Coru\u00f1a, un proxecto financiado pola <a href=\"https:\/\/www.dacoruna.gal\/index.php?cID=16716\"><strong>Deputaci\u00f3n da Coru\u00f1a<\/strong><\/a> co obxectivo de dimensionar aos distintos colectivos profseionais e po\u00f1er en valor a contribuci\u00f3n das mulleres \u00e1 cadea de valor na pesca.<\/p>\n<p>A xornada comezaba coa benvida de Elma Saiz, Ministra de inclusi\u00f3n, Seguridad Social y migraciones, e de Valent\u00edn Gonz\u00e1lez Formoso, presidente da Deputaci\u00f3n da Coru\u00f1a. Rita Miguez de la Iglesia, presidenta de ANMUPESCA, destacou a necesidade de apoiar ao sector pesqueiro, e en especial \u00e1s profesionais do marisqueo a p\u00e9, debido \u00e1 situaci\u00f3n de cese de actividade dende o \u00faltimo trimestre de 2023.<\/p>\n<p>A elaboraci\u00f3n do mapa requiriu labores de investigaci\u00f3n e traballo de campo. Poden consultarse os datos da presenza das mulleres da pesca, da transformaci\u00f3n de produto pesqueiro e da s\u00faa comercializaci\u00f3n a trav\u00e9s das capas seleccionables do mapa, as\u00ed como as fotograf\u00edas tomadas durante o traballo de campo e cedidas polas profesionais e as confrar\u00edas de pescadores. Ademais, pode consultarse a presenza no territorio das redeiras e o asociacionismo das mulleres do mar, dada a s\u00faa especial relevancia na provincia da Coru\u00f1a.<\/p>\n<p><iframe loading=\"lazy\" src=\"https:\/\/www.google.com\/maps\/d\/u\/1\/embed?mid=1smJ1G9bDiABnMW8hhL2LwGS6QnpBj2E&amp;ehbc=2E312F\" width=\"640\" height=\"480\"><\/iframe><br \/>\n<strong>Conclusi\u00f3ns<\/strong><br \/>\nA informaci\u00f3n analizada abarca a m\u00e1is de 6.000 mulleres na cadea de valor da pesca, cun predominio importante da industria conserveira, que ocupa a m\u00e1is de 3.200 traballadoras. Xunto ao marisqueo a p\u00e9 (809 mulleres) e o comercio maiorista de produtos pesqueiro (623 mulleres), son as actividades profesionais con maior presenza das mulleres.<\/p>\n<p>As\u00ed mesmo, cabe sinalar a segregaci\u00f3n ocupacional por sexo nalg\u00fans sectores profesionais: aqueles feminizados (as redeiras \u00e9 un colectivo formado por 94,5% de mulleres), mentres que na pesca, o marisqueo a flote e a captura do percebe a presenza das mulleres non supera o 20%.<\/p>\n","protected":false},"excerpt":{"rendered":"<p>A Deputaci\u00f3n da Coru\u00f1a, xunto con ANMUPESCA, presentan este mapa interactivo que dimensiona a presenza de mulleres no sector primario, na transformaci\u00f3n do produto pesqueiro e na s\u00faa comercializaci\u00f3n. Faise referencia, ademais, \u00e1s redeiras e \u00e1s asociaci\u00f3ns de mulleres do mar.<\/p>\n","protected":false},"author":3,"featured_media":3069,"comment_status":"open","ping_status":"open","sticky":false,"template":"","format":"standard","meta":{"footnotes":""},"categories":[4],"tags":[226,230,231,232,41,57,69,227,228,135,71,229,89,85,127],"_links":{"self":[{"href":"https:\/\/cidadania.coop\/es\/wp-json\/wp\/v2\/posts\/3054"}],"collection":[{"href":"https:\/\/cidadania.coop\/es\/wp-json\/wp\/v2\/posts"}],"about":[{"href":"https:\/\/cidadania.coop\/es\/wp-json\/wp\/v2\/types\/post"}],"author":[{"embeddable":true,"href":"https:\/\/cidadania.coop\/es\/wp-json\/wp\/v2\/users\/3"}],"replies":[{"embeddable":true,"href":"https:\/\/cidadania.coop\/es\/wp-json\/wp\/v2\/comments?post=3054"}],"version-history":[{"count":8,"href":"https:\/\/cidadania.coop\/es\/wp-json\/wp\/v2\/posts\/3054\/revisions"}],"predecessor-version":[{"id":3072,"href":"https:\/\/cidadania.coop\/es\/wp-json\/wp\/v2\/posts\/3054\/revisions\/3072"}],"wp:featuredmedia":[{"embeddable":true,"href":"https:\/\/cidadania.coop\/es\/wp-json\/wp\/v2\/media\/3069"}],"wp:attachment":[{"href":"https:\/\/cidadania.coop\/es\/wp-json\/wp\/v2\/media?parent=3054"}],"wp:term":[{"taxonomy":"category","embeddable":true,"href":"https:\/\/cidadania.coop\/es\/wp-json\/wp\/v2\/categories?post=3054"},{"taxonomy":"post_tag","embeddable":true,"href":"https:\/\/cidadania.coop\/es\/wp-json\/wp\/v2\/tags?post=3054"}],"curies":[{"name":"wp","href":"https:\/\/api.w.org\/{rel}","templated":true}]}}