{"id":3074,"date":"2024-02-13T19:28:34","date_gmt":"2024-02-13T18:28:34","guid":{"rendered":"https:\/\/cidadania.coop\/?p=3074"},"modified":"2024-02-13T19:33:51","modified_gmt":"2024-02-13T18:33:51","slug":"observatorio-de-igualdade-da-uvigo-informe-2023","status":"publish","type":"post","link":"https:\/\/cidadania.coop\/es\/observatorio-de-igualdade-da-uvigo-informe-2023\/","title":{"rendered":"Observatorio de Igualdade da UVigo: informe 2023"},"content":{"rendered":"<p>A <strong><a href=\"https:\/\/www.uvigo.gal\/campus\/igualdade\/igualdade-uvigo\/medidas-destacadas\">Unidade de Igualdade<\/a><\/strong> da Universidade de Vigo elabora, con periodicidade anual, o Observatorio de Igualdade, un documento co prop\u00f3sito de analizar informaci\u00f3n cuantitativa que determine o grao de igualdade ou desigualdade existente na comunidade universitaria e a s\u00faa evoluci\u00f3n.<\/p>\n<p>Tom\u00e1ronse como eixos de an\u00e1lise os tres sectores que constit\u00faen a comunidade universitaria: persoal docente e investigador, persoal de administraci\u00f3n e servizos e alumnado. Abord\u00e1ronse datos relativos \u00e1 presenza das mulleres e dos homes nos \u00f3rganos representaci\u00f3n e de xesti\u00f3n, a situaci\u00f3n do persoal docente investigador e a situaci\u00f3n profesional do persoal de administraci\u00f3n e xesti\u00f3n. En canto ao alumnado, anal\u00edzanse os distintos niveis educativos, a presenza nas \u00e1reas de co\u00f1ecemento e a taxa de \u00e9xito e abandono.<\/p>\n<p>O informe Observatorio da Igualdade permite co\u00f1ecer e analizar a informaci\u00f3n do portal de transparencia da UVigo dende a perspectiva de x\u00e9nero, adoptando pol\u00edticas que melloren a participaci\u00f3n das mulleres na comunidade universitaria e que equilibren as oportunidades de facer efectiva a s\u00faa carreira profesional e formativa.<\/p>\n","protected":false},"excerpt":{"rendered":"<p>O Observatorio de Igualdade ten por obxectivo determinar, desde o estudo de datos cuantitativos, o grao de igualdade ou desigualdade existente na comunidade universitaria, as\u00ed como co\u00f1ecer a s\u00faa evoluci\u00f3n nos \u00faltimos anos.<\/p>\n","protected":false},"author":3,"featured_media":2085,"comment_status":"open","ping_status":"open","sticky":false,"template":"","format":"standard","meta":{"footnotes":""},"categories":[4],"tags":[236,41,75,193,237,234,233,235],"_links":{"self":[{"href":"https:\/\/cidadania.coop\/es\/wp-json\/wp\/v2\/posts\/3074"}],"collection":[{"href":"https:\/\/cidadania.coop\/es\/wp-json\/wp\/v2\/posts"}],"about":[{"href":"https:\/\/cidadania.coop\/es\/wp-json\/wp\/v2\/types\/post"}],"author":[{"embeddable":true,"href":"https:\/\/cidadania.coop\/es\/wp-json\/wp\/v2\/users\/3"}],"replies":[{"embeddable":true,"href":"https:\/\/cidadania.coop\/es\/wp-json\/wp\/v2\/comments?post=3074"}],"version-history":[{"count":4,"href":"https:\/\/cidadania.coop\/es\/wp-json\/wp\/v2\/posts\/3074\/revisions"}],"predecessor-version":[{"id":3078,"href":"https:\/\/cidadania.coop\/es\/wp-json\/wp\/v2\/posts\/3074\/revisions\/3078"}],"wp:featuredmedia":[{"embeddable":true,"href":"https:\/\/cidadania.coop\/es\/wp-json\/wp\/v2\/media\/2085"}],"wp:attachment":[{"href":"https:\/\/cidadania.coop\/es\/wp-json\/wp\/v2\/media?parent=3074"}],"wp:term":[{"taxonomy":"category","embeddable":true,"href":"https:\/\/cidadania.coop\/es\/wp-json\/wp\/v2\/categories?post=3074"},{"taxonomy":"post_tag","embeddable":true,"href":"https:\/\/cidadania.coop\/es\/wp-json\/wp\/v2\/tags?post=3074"}],"curies":[{"name":"wp","href":"https:\/\/api.w.org\/{rel}","templated":true}]}}