{"id":3413,"date":"2025-02-03T09:58:18","date_gmt":"2025-02-03T08:58:18","guid":{"rendered":"https:\/\/cidadania.coop\/?p=3413"},"modified":"2025-02-03T10:02:31","modified_gmt":"2025-02-03T09:02:31","slug":"indagamos-en-experiencias-de-liderados-xuvenis-transformadores","status":"publish","type":"post","link":"https:\/\/cidadania.coop\/es\/indagamos-en-experiencias-de-liderados-xuvenis-transformadores\/","title":{"rendered":"Indagamos en experiencias de liderados xuven\u00eds transformadores"},"content":{"rendered":"<p><strong><a href=\"https:\/\/solidaridadgalicia.org\/\">Solidariedade Internacional de Galicia<\/a><\/strong> promove o proxecto Liderados Xuven\u00eds Transformadores, onde indagamos sobre experiencias de activismo promovidas pola mocidade galega. Xunto co grupo de investigaci\u00f3n da Universidade da Coru\u00f1a <strong><a href=\"https:\/\/www.ecigal.gal\/investigaci%C3%B3n\">ECIGAL<\/a><\/strong>, acheg\u00e1monos \u00e1s motivaci\u00f3ns e pr\u00e1cticas desenvoltas por rapazas e rapaces ao longo da xeograf\u00eda galega.<\/p>\n<p>Co obxectivo de xerar co\u00f1ecemento sobre a participaci\u00f3n e os activismos xuven\u00eds, acheg\u00e1monos \u00e1s iniciativas para co\u00f1ecer a s\u00faa \u00abhistoria de vida\u00bb: abordando os fitos, as alianzas, as acci\u00f3ns e reflexi\u00f3ns, a as motivaci\u00f3ns transformadoras, constru\u00edmos unha reflexi\u00f3n colectiva sobre o sentido das experiencias da mocidade.<\/p>\n<p>Comezamos en Vigo co <a href=\"https:\/\/www.instagram.com\/comandoigualdade\/\"><strong>Comando Igualdade<\/strong><\/a>, unha experiencia que nace no IES Alexandre B\u00f3veda pola curiosidade dun grupo de rapazas para achegarse ao feminismo e rachar co patriarcado dende as aulas. Unha iniciativa que trascendeu do barrio de Coia a outros colexios e institutos, e que recolle a s\u00faa andaina nesta <strong><a href=\"https:\/\/catroventos.gal\/produto\/comando-igualdade\/\">publicaci\u00f3n<\/a><\/strong>.<\/p>\n<p><img loading=\"lazy\" decoding=\"async\" class=\"alignnone size-medium wp-image-3416\" src=\"https:\/\/cidadania.coop\/wp-content\/uploads\/2025\/01\/IMG_20240701_130712-300x225.jpg\" alt=\"\" width=\"300\" height=\"225\" srcset=\"https:\/\/cidadania.coop\/wp-content\/uploads\/2025\/01\/IMG_20240701_130712-300x225.jpg 300w, https:\/\/cidadania.coop\/wp-content\/uploads\/2025\/01\/IMG_20240701_130712-1030x773.jpg 1030w, https:\/\/cidadania.coop\/wp-content\/uploads\/2025\/01\/IMG_20240701_130712-768x576.jpg 768w, https:\/\/cidadania.coop\/wp-content\/uploads\/2025\/01\/IMG_20240701_130712-1536x1152.jpg 1536w, https:\/\/cidadania.coop\/wp-content\/uploads\/2025\/01\/IMG_20240701_130712-2048x1536.jpg 2048w, https:\/\/cidadania.coop\/wp-content\/uploads\/2025\/01\/IMG_20240701_130712-1500x1125.jpg 1500w, https:\/\/cidadania.coop\/wp-content\/uploads\/2025\/01\/IMG_20240701_130712-705x529.jpg 705w, https:\/\/cidadania.coop\/wp-content\/uploads\/2025\/01\/IMG_20240701_130712-580x435.jpg 580w, https:\/\/cidadania.coop\/wp-content\/uploads\/2025\/01\/IMG_20240701_130712-90x68.jpg 90w, https:\/\/cidadania.coop\/wp-content\/uploads\/2025\/01\/IMG_20240701_130712-150x113.jpg 150w\" sizes=\"(max-width: 300px) 100vw, 300px\" \/><\/p>\n<p>En Lugo compartimos unha conversa ben interesante con <strong><a href=\"https:\/\/www.instagram.com\/avantelgbtlugo\/\">AVANTE LGTB+<\/a><\/strong>, un grupo que reactivou a manifestaci\u00f3n no d\u00eda do orgullo, e que organizan actividades de sensibilizaci\u00f3n e ocio dunha maneira autoxestionada.<\/p>\n<p><img loading=\"lazy\" decoding=\"async\" class=\"alignnone size-medium wp-image-3414\" src=\"https:\/\/cidadania.coop\/wp-content\/uploads\/2025\/01\/Captura-de-pantalla-2025-01-22-183852-300x207.png\" alt=\"\" width=\"300\" height=\"207\" srcset=\"https:\/\/cidadania.coop\/wp-content\/uploads\/2025\/01\/Captura-de-pantalla-2025-01-22-183852-300x207.png 300w, https:\/\/cidadania.coop\/wp-content\/uploads\/2025\/01\/Captura-de-pantalla-2025-01-22-183852-768x530.png 768w, https:\/\/cidadania.coop\/wp-content\/uploads\/2025\/01\/Captura-de-pantalla-2025-01-22-183852-705x487.png 705w, https:\/\/cidadania.coop\/wp-content\/uploads\/2025\/01\/Captura-de-pantalla-2025-01-22-183852-580x401.png 580w, https:\/\/cidadania.coop\/wp-content\/uploads\/2025\/01\/Captura-de-pantalla-2025-01-22-183852-90x62.png 90w, https:\/\/cidadania.coop\/wp-content\/uploads\/2025\/01\/Captura-de-pantalla-2025-01-22-183852-150x104.png 150w, https:\/\/cidadania.coop\/wp-content\/uploads\/2025\/01\/Captura-de-pantalla-2025-01-22-183852.png 792w\" sizes=\"(max-width: 300px) 100vw, 300px\" \/><\/p>\n<p>En Noia puidemos co\u00f1ecer a iniciativa <strong><a href=\"https:\/\/www.instagram.com\/vogavoga.misela\/\">Voga Voga<\/a><\/strong>, que forma parte da <strong><a href=\"https:\/\/www.instagram.com\/aulasostibledofreixo\/\">Aula Sostible do Freixo<\/a><\/strong>, onde mozos e mozas organizan recollidas de lixo pl\u00e1stico nos areais, que despois transforman en obxectos \u00fatiles como agullas para as redeiras, mosquet\u00f3ns para as mariscadoras a p\u00e9, chaveiros, e moitas cousas m\u00e1is!<\/p>\n<div class='avia-iframe-wrap'><iframe loading=\"lazy\" title=\"VOGA VOGA - Pola reduci\u00f3n dos residuos pl\u00e1sticos no medio mari\u00f1o\" width=\"1500\" height=\"844\" src=\"https:\/\/www.youtube.com\/embed\/phgP2TajeaQ?feature=oembed\" frameborder=\"0\" allow=\"accelerometer; autoplay; clipboard-write; encrypted-media; gyroscope; picture-in-picture; web-share\" referrerpolicy=\"strict-origin-when-cross-origin\" allowfullscreen><\/iframe><\/div>\n<p>En Vilar de Santos est\u00e1n as Xingras da <strong><a href=\"https:\/\/www.instagram.com\/aarcadanoe\/?hl=es\">Arca<\/a><\/strong>, un grupo de nenas e rapazas que tocan a pandeireta e cantan, ademais de organizarse para fortalecer o uso da lingua galega e da cultura do rural galego. Ademais de participar en actuaci\u00f3ns ao longo de Galicia onde comparten as s\u00faas canci\u00f3ns, tam\u00e9n recuperan canci\u00f3ns tradicionais da veci\u00f1anza, mantendo viva a lingua.<\/p>\n<div class='avia-iframe-wrap'><iframe loading=\"lazy\" title=\"As Xingras da Arca - Semente de Revoluci\u00f3n\" width=\"1500\" height=\"844\" src=\"https:\/\/www.youtube.com\/embed\/sv7nirTa_7E?feature=oembed\" frameborder=\"0\" allow=\"accelerometer; autoplay; clipboard-write; encrypted-media; gyroscope; picture-in-picture; web-share\" referrerpolicy=\"strict-origin-when-cross-origin\" allowfullscreen><\/iframe><\/div>\n<p>&nbsp;<\/p>\n","protected":false},"excerpt":{"rendered":"<p>Un\u00edmonos a Solidariedade Internacional de Galicia e ECIGAL da UdC para indagar sobre os Liderados Xuven\u00eds Transformadores. Da man de experiencias promovidas pola mocidade galega, acheg\u00e1monos a maneira en que rapazas e rapaces transforman a sociedade a trav\u00e9s da s\u00faa participaci\u00f3n.<\/p>\n","protected":false},"author":3,"featured_media":3422,"comment_status":"open","ping_status":"open","sticky":false,"template":"","format":"standard","meta":{"footnotes":""},"categories":[4],"tags":[285,286,287,174,39],"_links":{"self":[{"href":"https:\/\/cidadania.coop\/es\/wp-json\/wp\/v2\/posts\/3413"}],"collection":[{"href":"https:\/\/cidadania.coop\/es\/wp-json\/wp\/v2\/posts"}],"about":[{"href":"https:\/\/cidadania.coop\/es\/wp-json\/wp\/v2\/types\/post"}],"author":[{"embeddable":true,"href":"https:\/\/cidadania.coop\/es\/wp-json\/wp\/v2\/users\/3"}],"replies":[{"embeddable":true,"href":"https:\/\/cidadania.coop\/es\/wp-json\/wp\/v2\/comments?post=3413"}],"version-history":[{"count":5,"href":"https:\/\/cidadania.coop\/es\/wp-json\/wp\/v2\/posts\/3413\/revisions"}],"predecessor-version":[{"id":3428,"href":"https:\/\/cidadania.coop\/es\/wp-json\/wp\/v2\/posts\/3413\/revisions\/3428"}],"wp:featuredmedia":[{"embeddable":true,"href":"https:\/\/cidadania.coop\/es\/wp-json\/wp\/v2\/media\/3422"}],"wp:attachment":[{"href":"https:\/\/cidadania.coop\/es\/wp-json\/wp\/v2\/media?parent=3413"}],"wp:term":[{"taxonomy":"category","embeddable":true,"href":"https:\/\/cidadania.coop\/es\/wp-json\/wp\/v2\/categories?post=3413"},{"taxonomy":"post_tag","embeddable":true,"href":"https:\/\/cidadania.coop\/es\/wp-json\/wp\/v2\/tags?post=3413"}],"curies":[{"name":"wp","href":"https:\/\/api.w.org\/{rel}","templated":true}]}}