{"id":3509,"date":"2025-04-10T17:03:42","date_gmt":"2025-04-10T16:03:42","guid":{"rendered":"https:\/\/cidadania.coop\/?p=3509"},"modified":"2025-04-10T17:26:35","modified_gmt":"2025-04-10T16:26:35","slug":"agareso-celebra-un-encontro-entre-centros-educativos-no-marco-do-epdlab","status":"publish","type":"post","link":"https:\/\/cidadania.coop\/es\/agareso-celebra-un-encontro-entre-centros-educativos-no-marco-do-epdlab\/","title":{"rendered":"Agareso celebra un encontro entre centros educativos no marco do EpDLab"},"content":{"rendered":"<p>Esta semana, o Auditorio de Bandeira en Silleda acolleu un encontro intercentros dentro do Laboratorio de Educaci\u00f3n para o Desenvolvemento <a href=\"https:\/\/epdlab.gal\/\"><strong>EpDLab<\/strong>.<\/a> Este proxecto, coordinado por <strong><u><a href=\"https:\/\/www.agareso.org\/gl\/\">Agareso<\/a><\/u><\/strong>, cumpre 10 anos neste curso.\u00a0O proxecto EdDLab dir\u00edxese a mellorar as habilidades de reflexi\u00f3n cr\u00edtica e participaci\u00f3n social do alumnado e do profesorado da ESO de cinco IES de Galicia, nas localidades de Boiro, Bueu, Viana, Bri\u00f3n e Silleda.<\/p>\n<p><img loading=\"lazy\" decoding=\"async\" class=\"alignnone size-medium wp-image-3510\" src=\"https:\/\/cidadania.coop\/wp-content\/uploads\/2025\/04\/Captura-de-pantalla-2025-04-10-175342-300x145.png\" alt=\"\" width=\"300\" height=\"145\" srcset=\"https:\/\/cidadania.coop\/wp-content\/uploads\/2025\/04\/Captura-de-pantalla-2025-04-10-175342-300x145.png 300w, https:\/\/cidadania.coop\/wp-content\/uploads\/2025\/04\/Captura-de-pantalla-2025-04-10-175342-768x372.png 768w, https:\/\/cidadania.coop\/wp-content\/uploads\/2025\/04\/Captura-de-pantalla-2025-04-10-175342-705x342.png 705w, https:\/\/cidadania.coop\/wp-content\/uploads\/2025\/04\/Captura-de-pantalla-2025-04-10-175342-580x281.png 580w, https:\/\/cidadania.coop\/wp-content\/uploads\/2025\/04\/Captura-de-pantalla-2025-04-10-175342-90x44.png 90w, https:\/\/cidadania.coop\/wp-content\/uploads\/2025\/04\/Captura-de-pantalla-2025-04-10-175342-150x73.png 150w, https:\/\/cidadania.coop\/wp-content\/uploads\/2025\/04\/Captura-de-pantalla-2025-04-10-175342.png 778w\" sizes=\"(max-width: 300px) 100vw, 300px\" \/><\/p>\n<p>A longo do curso escolar a comunidade educativa que participa no EpDLab realiza un traballo de reflexi\u00f3n ao respecto das desigualdades e os elementos xeradores da pobreza e inxustizas desde as ferramentas da comunicaci\u00f3n e traballando as competencias dixitais. No encontro mocidade e profesorado compartiron as s\u00faas aprendizaxes e intercambiaron ideas que abordaron nos obradoiros realizados nos centros de ensino nos meses anteriores. Cidadania desenvolve nesta edici\u00f3n os traballos relacionados coa avaliaci\u00f3n externa do proxecto.<\/p>\n<p><img loading=\"lazy\" decoding=\"async\" class=\"alignnone size-medium wp-image-3512\" src=\"https:\/\/cidadania.coop\/wp-content\/uploads\/2025\/04\/IMG_20250409_130621-300x135.jpg\" alt=\"\" width=\"300\" height=\"135\" srcset=\"https:\/\/cidadania.coop\/wp-content\/uploads\/2025\/04\/IMG_20250409_130621-300x135.jpg 300w, https:\/\/cidadania.coop\/wp-content\/uploads\/2025\/04\/IMG_20250409_130621-1030x464.jpg 1030w, https:\/\/cidadania.coop\/wp-content\/uploads\/2025\/04\/IMG_20250409_130621-768x346.jpg 768w, https:\/\/cidadania.coop\/wp-content\/uploads\/2025\/04\/IMG_20250409_130621-1536x691.jpg 1536w, https:\/\/cidadania.coop\/wp-content\/uploads\/2025\/04\/IMG_20250409_130621-2048x922.jpg 2048w, https:\/\/cidadania.coop\/wp-content\/uploads\/2025\/04\/IMG_20250409_130621-1500x675.jpg 1500w, https:\/\/cidadania.coop\/wp-content\/uploads\/2025\/04\/IMG_20250409_130621-705x317.jpg 705w, https:\/\/cidadania.coop\/wp-content\/uploads\/2025\/04\/IMG_20250409_130621-580x261.jpg 580w, https:\/\/cidadania.coop\/wp-content\/uploads\/2025\/04\/IMG_20250409_130621-90x41.jpg 90w, https:\/\/cidadania.coop\/wp-content\/uploads\/2025\/04\/IMG_20250409_130621-150x68.jpg 150w\" sizes=\"(max-width: 300px) 100vw, 300px\" \/> <img loading=\"lazy\" decoding=\"async\" class=\"alignnone size-medium wp-image-3514\" src=\"https:\/\/cidadania.coop\/wp-content\/uploads\/2025\/04\/IMG_20250409_130833-300x135.jpg\" alt=\"\" width=\"300\" height=\"135\" srcset=\"https:\/\/cidadania.coop\/wp-content\/uploads\/2025\/04\/IMG_20250409_130833-300x135.jpg 300w, https:\/\/cidadania.coop\/wp-content\/uploads\/2025\/04\/IMG_20250409_130833-1030x464.jpg 1030w, https:\/\/cidadania.coop\/wp-content\/uploads\/2025\/04\/IMG_20250409_130833-768x346.jpg 768w, https:\/\/cidadania.coop\/wp-content\/uploads\/2025\/04\/IMG_20250409_130833-1536x691.jpg 1536w, https:\/\/cidadania.coop\/wp-content\/uploads\/2025\/04\/IMG_20250409_130833-2048x922.jpg 2048w, https:\/\/cidadania.coop\/wp-content\/uploads\/2025\/04\/IMG_20250409_130833-1500x675.jpg 1500w, https:\/\/cidadania.coop\/wp-content\/uploads\/2025\/04\/IMG_20250409_130833-705x317.jpg 705w, https:\/\/cidadania.coop\/wp-content\/uploads\/2025\/04\/IMG_20250409_130833-580x261.jpg 580w, https:\/\/cidadania.coop\/wp-content\/uploads\/2025\/04\/IMG_20250409_130833-90x41.jpg 90w, https:\/\/cidadania.coop\/wp-content\/uploads\/2025\/04\/IMG_20250409_130833-150x68.jpg 150w\" sizes=\"(max-width: 300px) 100vw, 300px\" \/> <img loading=\"lazy\" decoding=\"async\" class=\"alignnone size-medium wp-image-3516\" src=\"https:\/\/cidadania.coop\/wp-content\/uploads\/2025\/04\/IMG_20250409_131357-300x135.jpg\" alt=\"\" width=\"300\" height=\"135\" srcset=\"https:\/\/cidadania.coop\/wp-content\/uploads\/2025\/04\/IMG_20250409_131357-300x135.jpg 300w, https:\/\/cidadania.coop\/wp-content\/uploads\/2025\/04\/IMG_20250409_131357-1030x464.jpg 1030w, https:\/\/cidadania.coop\/wp-content\/uploads\/2025\/04\/IMG_20250409_131357-768x346.jpg 768w, https:\/\/cidadania.coop\/wp-content\/uploads\/2025\/04\/IMG_20250409_131357-1536x691.jpg 1536w, https:\/\/cidadania.coop\/wp-content\/uploads\/2025\/04\/IMG_20250409_131357-2048x922.jpg 2048w, https:\/\/cidadania.coop\/wp-content\/uploads\/2025\/04\/IMG_20250409_131357-1500x675.jpg 1500w, https:\/\/cidadania.coop\/wp-content\/uploads\/2025\/04\/IMG_20250409_131357-705x317.jpg 705w, https:\/\/cidadania.coop\/wp-content\/uploads\/2025\/04\/IMG_20250409_131357-580x261.jpg 580w, https:\/\/cidadania.coop\/wp-content\/uploads\/2025\/04\/IMG_20250409_131357-90x41.jpg 90w, https:\/\/cidadania.coop\/wp-content\/uploads\/2025\/04\/IMG_20250409_131357-150x68.jpg 150w\" sizes=\"(max-width: 300px) 100vw, 300px\" \/><\/p>\n<p>Na sesi\u00f3n houbo tempo tam\u00e9n para co\u00f1ecerse mellor e compartir risas e ilusi\u00f3ns. Arredor de 100 alumnas e alumnos, co acompa\u00f1amento de 11 profes, traballaron arredor dos 5 grandes temas escollidos polos propios grupos a comezos de curso: \u00a0Sa\u00fade mental e benestar, Medio ambiente, Activismo e cambio social, Dereito \u00e1 educaci\u00f3n e Convivencia e bo trato.<\/p>\n<p>&nbsp;<\/p>\n","protected":false},"excerpt":{"rendered":"<p>Onte acheg\u00e1monos ao Auditorio de Bandeira en Silleda, onde tivo lugar o encontro intercentros dentro do EpDLab. Este proxecto cumpre 10 anos e est\u00e1 coordinado por Agareso, Asociaci\u00f3n Galega de Comunicaci\u00f3n para o Cambio Social.<\/p>\n","protected":false},"author":3,"featured_media":3518,"comment_status":"open","ping_status":"open","sticky":false,"template":"","format":"standard","meta":{"footnotes":""},"categories":[4],"tags":[303,301,178,300,299,304,174,302,39,297,298],"_links":{"self":[{"href":"https:\/\/cidadania.coop\/es\/wp-json\/wp\/v2\/posts\/3509"}],"collection":[{"href":"https:\/\/cidadania.coop\/es\/wp-json\/wp\/v2\/posts"}],"about":[{"href":"https:\/\/cidadania.coop\/es\/wp-json\/wp\/v2\/types\/post"}],"author":[{"embeddable":true,"href":"https:\/\/cidadania.coop\/es\/wp-json\/wp\/v2\/users\/3"}],"replies":[{"embeddable":true,"href":"https:\/\/cidadania.coop\/es\/wp-json\/wp\/v2\/comments?post=3509"}],"version-history":[{"count":2,"href":"https:\/\/cidadania.coop\/es\/wp-json\/wp\/v2\/posts\/3509\/revisions"}],"predecessor-version":[{"id":3524,"href":"https:\/\/cidadania.coop\/es\/wp-json\/wp\/v2\/posts\/3509\/revisions\/3524"}],"wp:featuredmedia":[{"embeddable":true,"href":"https:\/\/cidadania.coop\/es\/wp-json\/wp\/v2\/media\/3518"}],"wp:attachment":[{"href":"https:\/\/cidadania.coop\/es\/wp-json\/wp\/v2\/media?parent=3509"}],"wp:term":[{"taxonomy":"category","embeddable":true,"href":"https:\/\/cidadania.coop\/es\/wp-json\/wp\/v2\/categories?post=3509"},{"taxonomy":"post_tag","embeddable":true,"href":"https:\/\/cidadania.coop\/es\/wp-json\/wp\/v2\/tags?post=3509"}],"curies":[{"name":"wp","href":"https:\/\/api.w.org\/{rel}","templated":true}]}}