{"id":3766,"date":"2025-11-28T13:46:45","date_gmt":"2025-11-28T12:46:45","guid":{"rendered":"https:\/\/cidadania.coop\/?p=3766"},"modified":"2026-01-07T12:40:09","modified_gmt":"2026-01-07T11:40:09","slug":"o-concello-de-avion-aproba-o-protocolo-contra-a-violencia-de-xenero","status":"publish","type":"post","link":"https:\/\/cidadania.coop\/es\/o-concello-de-avion-aproba-o-protocolo-contra-a-violencia-de-xenero\/","title":{"rendered":"O Concello de Avi\u00f3n aproba o protocolo contra a violencia de x\u00e9nero"},"content":{"rendered":"<p>O Concello de Avi\u00f3n promove dende o ano 2021 a Mesa Local de Coordinaci\u00f3n contra a violencia machista (MLC). Este espazo \u00e9 participado polas \u00e1reas t\u00e9cnicas de Subdelegaci\u00f3n de Goberno, DX de loita contra a violencia de x\u00e9nero, Centro de sa\u00fade, Forzas e Corpos de Seguridade do Estado, Benestar Social, Educaci\u00f3n, Emerxencias e Deportes, entre outros. Ten por obxectivo mellorar os mecanismos de coordinaci\u00f3n t\u00e9cnica arredor das mulleres en situaci\u00f3n de violencia machista e as s\u00faas fillas e fillos.<\/p>\n<p>No marco da MLC, Cidadania acompa\u00f1ou a este equipo t\u00e9cnico na definici\u00f3n de obxectivos e a s\u00faa avaliaci\u00f3n, as\u00ed como na dinamizaci\u00f3n das reuni\u00f3ns, lideradas polo<a href=\"https:\/\/www.concelloavion.org\/gl\/\"><strong> Concello de Avi\u00f3n<\/strong> <\/a>a trav\u00e9s do <strong><a href=\"https:\/\/www.concelloavion.org\/gl\/component\/sppagebuilder?view=page&amp;id=103\">Centro de informaci\u00f3n \u00e1s mulleres<\/a>.<\/strong> Ao longo do 2025, desenvolvimos un proceso participativo arredor do Protocolo de coordinaci\u00f3n inter-institucional contra a violencia machista no Concello de Avi\u00f3n.<\/p>\n<p>Este documento, \u00e1xil e pr\u00e1ctico, pretende dar a co\u00f1ecer entre as persoas que integran a MLC os protocolos das demais \u00e1reas, e de afondar nos puntos de uni\u00f3n entre \u00e1mbitos para dar unha atenci\u00f3n integral \u00e1s mulleres en situaci\u00f3n de violencia. Arredor do 25N, D\u00eda Internacional da Eliminaci\u00f3n da Violencia contra as Mulleres, o CIM presentou o documento nun acto p\u00fablico.<\/p>\n<p><img loading=\"lazy\" decoding=\"async\" class=\"alignnone size-medium wp-image-3769\" src=\"https:\/\/cidadania.coop\/wp-content\/uploads\/2025\/11\/Captura-de-pantalla-2025-11-24-171253-212x300.png\" alt=\"\" width=\"212\" height=\"300\" srcset=\"https:\/\/cidadania.coop\/wp-content\/uploads\/2025\/11\/Captura-de-pantalla-2025-11-24-171253-212x300.png 212w, https:\/\/cidadania.coop\/wp-content\/uploads\/2025\/11\/Captura-de-pantalla-2025-11-24-171253-499x705.png 499w, https:\/\/cidadania.coop\/wp-content\/uploads\/2025\/11\/Captura-de-pantalla-2025-11-24-171253-90x127.png 90w, https:\/\/cidadania.coop\/wp-content\/uploads\/2025\/11\/Captura-de-pantalla-2025-11-24-171253-150x212.png 150w, https:\/\/cidadania.coop\/wp-content\/uploads\/2025\/11\/Captura-de-pantalla-2025-11-24-171253.png 563w\" sizes=\"(max-width: 212px) 100vw, 212px\" \/><\/p>\n","protected":false},"excerpt":{"rendered":"<p>A Mesa local de coordinaci\u00f3n contra a violencia de x\u00e9nero do Concello de Avi\u00f3n presenta o seu protocolo de coordinaci\u00f3n, abordando os itinerarios, mapa de recursos e canles de comunicaci\u00f3n para mellorar a atenci\u00f3n integral \u00e1s mulleres en situaci\u00f3n de violencia machista.<\/p>\n","protected":false},"author":3,"featured_media":3773,"comment_status":"open","ping_status":"open","sticky":false,"template":"","format":"standard","meta":{"footnotes":""},"categories":[4],"tags":[315,313,41,75,153,314,141],"_links":{"self":[{"href":"https:\/\/cidadania.coop\/es\/wp-json\/wp\/v2\/posts\/3766"}],"collection":[{"href":"https:\/\/cidadania.coop\/es\/wp-json\/wp\/v2\/posts"}],"about":[{"href":"https:\/\/cidadania.coop\/es\/wp-json\/wp\/v2\/types\/post"}],"author":[{"embeddable":true,"href":"https:\/\/cidadania.coop\/es\/wp-json\/wp\/v2\/users\/3"}],"replies":[{"embeddable":true,"href":"https:\/\/cidadania.coop\/es\/wp-json\/wp\/v2\/comments?post=3766"}],"version-history":[{"count":4,"href":"https:\/\/cidadania.coop\/es\/wp-json\/wp\/v2\/posts\/3766\/revisions"}],"predecessor-version":[{"id":3776,"href":"https:\/\/cidadania.coop\/es\/wp-json\/wp\/v2\/posts\/3766\/revisions\/3776"}],"wp:featuredmedia":[{"embeddable":true,"href":"https:\/\/cidadania.coop\/es\/wp-json\/wp\/v2\/media\/3773"}],"wp:attachment":[{"href":"https:\/\/cidadania.coop\/es\/wp-json\/wp\/v2\/media?parent=3766"}],"wp:term":[{"taxonomy":"category","embeddable":true,"href":"https:\/\/cidadania.coop\/es\/wp-json\/wp\/v2\/categories?post=3766"},{"taxonomy":"post_tag","embeddable":true,"href":"https:\/\/cidadania.coop\/es\/wp-json\/wp\/v2\/tags?post=3766"}],"curies":[{"name":"wp","href":"https:\/\/api.w.org\/{rel}","templated":true}]}}