{"id":3833,"date":"2026-04-27T08:49:48","date_gmt":"2026-04-27T07:49:48","guid":{"rendered":"https:\/\/cidadania.coop\/?p=3833"},"modified":"2026-04-27T08:49:48","modified_gmt":"2026-04-27T07:49:48","slug":"avaliacion-intermedia-do-fondo-europeo-maritimo-de-pesca-e-de-acuicultura","status":"publish","type":"post","link":"https:\/\/cidadania.coop\/es\/avaliacion-intermedia-do-fondo-europeo-maritimo-de-pesca-e-de-acuicultura\/","title":{"rendered":"Avaliaci\u00f3n intermedia do Fondo Europeo Mar\u00edtimo, de pesca e de acuicultura"},"content":{"rendered":"<p>A comezos deste ano acompa\u00f1amos ao Grupo Local de Acci\u00f3n Costeira (GALP) da zona da <strong><a href=\"https:\/\/galp.xunta.gal\/ria-de-pontevedra\">R\u00eda de Pontevedra<\/a><\/strong> na avaliaci\u00f3n intermedia da s\u00faa Estratexia de Desenvolvemento Local Participativo.<\/p>\n<p>A avaliaci\u00f3n intermedia \u00e9 un proceso clave e estrat\u00e9xico, xa que axuda aos grupos a analizar como se est\u00e1 enfocando o <a href=\"https:\/\/fempa.xunta.gal\/gl\/o-fempa\">FEMPA<\/a> na primeira metade do per\u00edodo, pero tam\u00e9n como est\u00e1 funcionando a participaci\u00f3n e a gobernanza na toma de decisi\u00f3ns, o enfoque das acci\u00f3ns de animaci\u00f3n para difundir o programa entre a poboaci\u00f3n, ou o establecemento de alianzas e redes con outros axentes relevantes.<\/p>\n<p>Ao longo deste proceso participativo, analizamos os datos de execuci\u00f3n do programa. Esta informaci\u00f3n num\u00e9rica perm\u00edtenos transmitir \u00e1 base social unha fotograf\u00eda da xesti\u00f3n dos fondos no territorio. Con esta base, analizaremos coa comunidade os aspectos a mellorar, os obxectivos que \u00e9 preciso reforzar, ou os colectivos a atender de maneira prioritaria. Por \u00faltimo, trazamos unha folla de ruta para guiar a segunda metade do per\u00edodo FEMPA, que ser\u00e1 validada na Asemblea Xeral.<\/p>\n<p><a href=\"https:\/\/www.instagram.com\/p\/DXi-co4APZS\/\">Foro Avaliaci\u00f3n Intermedia<\/a><\/p>\n","protected":false},"excerpt":{"rendered":"<p>A avaliaci\u00f3n \u00e9 un proceso clave para o correcto desenvolvemento da Estratexia de Desenvolvemento Local Participativa, xa que exixe analizar a xesti\u00f3n econ\u00f3mica e social na primeira metade do per\u00edodo FEMPA e establecer correcci\u00f3ns cara o futuro.<\/p>\n","protected":false},"author":3,"featured_media":3932,"comment_status":"open","ping_status":"open","sticky":false,"template":"","format":"standard","meta":{"footnotes":""},"categories":[4],"tags":[215,319,134,133,57,110],"_links":{"self":[{"href":"https:\/\/cidadania.coop\/es\/wp-json\/wp\/v2\/posts\/3833"}],"collection":[{"href":"https:\/\/cidadania.coop\/es\/wp-json\/wp\/v2\/posts"}],"about":[{"href":"https:\/\/cidadania.coop\/es\/wp-json\/wp\/v2\/types\/post"}],"author":[{"embeddable":true,"href":"https:\/\/cidadania.coop\/es\/wp-json\/wp\/v2\/users\/3"}],"replies":[{"embeddable":true,"href":"https:\/\/cidadania.coop\/es\/wp-json\/wp\/v2\/comments?post=3833"}],"version-history":[{"count":5,"href":"https:\/\/cidadania.coop\/es\/wp-json\/wp\/v2\/posts\/3833\/revisions"}],"predecessor-version":[{"id":3936,"href":"https:\/\/cidadania.coop\/es\/wp-json\/wp\/v2\/posts\/3833\/revisions\/3936"}],"wp:featuredmedia":[{"embeddable":true,"href":"https:\/\/cidadania.coop\/es\/wp-json\/wp\/v2\/media\/3932"}],"wp:attachment":[{"href":"https:\/\/cidadania.coop\/es\/wp-json\/wp\/v2\/media?parent=3833"}],"wp:term":[{"taxonomy":"category","embeddable":true,"href":"https:\/\/cidadania.coop\/es\/wp-json\/wp\/v2\/categories?post=3833"},{"taxonomy":"post_tag","embeddable":true,"href":"https:\/\/cidadania.coop\/es\/wp-json\/wp\/v2\/tags?post=3833"}],"curies":[{"name":"wp","href":"https:\/\/api.w.org\/{rel}","templated":true}]}}