{"id":3849,"date":"2026-02-02T13:37:10","date_gmt":"2026-02-02T12:37:10","guid":{"rendered":"https:\/\/cidadania.coop\/?p=3849"},"modified":"2026-02-03T09:55:39","modified_gmt":"2026-02-03T08:55:39","slug":"o-pasado-da-pesca-costeira-artesanal-na-enseada-de-san-simon","status":"publish","type":"post","link":"https:\/\/cidadania.coop\/es\/o-pasado-da-pesca-costeira-artesanal-na-enseada-de-san-simon\/","title":{"rendered":"O pasado da pesca costeira artesanal na enseada de San Sim\u00f3n"},"content":{"rendered":"<p><a href=\"https:\/\/cidadania.coop\/es\/mariscando-conciencias-para-el-futuro-comezamos\/\"><strong>Mariscando conCiencias para o Futuro<\/strong><\/a> continua a s\u00faa singradura en Redondela. A finais do 2025 o proxecto inici\u00e1base con obradoiros participativos nos que xuntarmos persoas do sector pesqueiro xubiladas e en activo, persoas do \u00e1mbito cient\u00edfico, e entidades vencelladas \u00e1 cultura e \u00e1 historia de Redondela. Grazas a estas conversas desvelamos momentos clave que viviu o sector, loitas colectivas, xesti\u00f3n do territorio e soberan\u00eda alimentaria. A relaci\u00f3n entre o campo e o mar, os cambios medio ambientais e a adaptaci\u00f3n dos oficios a esta realidade foron alg\u00fans dos puntos clave que xeraron debate entre as persoas asistentes.<\/p>\n<p>O \u00e1mbito art\u00edstico toma o protagonismo neste trimestre: o colectivo Artelixo est\u00e1 traballando para plasmar estas conversas en murais visuais, que se poidan inaugurar no contexto do <strong><a href=\"https:\/\/cadenaser.com\/galicia\/2025\/04\/07\/altrilixo-redondela-se-transforma-en-el-epicentro-de-la-protesta-artistica-contra-altri-radio-vigo\/\">Festival Artelixo<\/a><\/strong>, previsto para o mes de abril. As\u00ed mesmo, o colectivo de danza comezar\u00e1 os seus ensaios de maneira p\u00fablica, nunha sala do Edificio Multiusos. As bailarinas visitaron \u00e1s mariscadoras nunha xornada de marisqueo a p\u00e9, para inspirarse en movementos, sensaci\u00f3ns e co\u00f1ecer de primeira man o traballo das mulleres do mar.<\/p>\n<p><img loading=\"lazy\" decoding=\"async\" class=\"alignnone size-medium wp-image-3853\" src=\"https:\/\/cidadania.coop\/wp-content\/uploads\/2026\/02\/IMG_20251205_093703-300x169.jpg\" alt=\"\" width=\"300\" height=\"169\" srcset=\"https:\/\/cidadania.coop\/wp-content\/uploads\/2026\/02\/IMG_20251205_093703-300x169.jpg 300w, https:\/\/cidadania.coop\/wp-content\/uploads\/2026\/02\/IMG_20251205_093703-1030x579.jpg 1030w, https:\/\/cidadania.coop\/wp-content\/uploads\/2026\/02\/IMG_20251205_093703-768x432.jpg 768w, https:\/\/cidadania.coop\/wp-content\/uploads\/2026\/02\/IMG_20251205_093703-1536x864.jpg 1536w, https:\/\/cidadania.coop\/wp-content\/uploads\/2026\/02\/IMG_20251205_093703-2048x1152.jpg 2048w, https:\/\/cidadania.coop\/wp-content\/uploads\/2026\/02\/IMG_20251205_093703-1500x844.jpg 1500w, https:\/\/cidadania.coop\/wp-content\/uploads\/2026\/02\/IMG_20251205_093703-705x397.jpg 705w, https:\/\/cidadania.coop\/wp-content\/uploads\/2026\/02\/IMG_20251205_093703-580x326.jpg 580w, https:\/\/cidadania.coop\/wp-content\/uploads\/2026\/02\/IMG_20251205_093703-90x51.jpg 90w, https:\/\/cidadania.coop\/wp-content\/uploads\/2026\/02\/IMG_20251205_093703-150x84.jpg 150w, https:\/\/cidadania.coop\/wp-content\/uploads\/2026\/02\/IMG_20251205_093703-320x180.jpg 320w\" sizes=\"(max-width: 300px) 100vw, 300px\" \/><\/p>\n<p>As\u00ed mesmo, neste trimestre os colexios de Redondela visitar\u00e1n os areais, sendo mariscadores por un d\u00eda: aprender\u00e1n sobre os oficios da pesca costeira artesanal da man das e dos profesionais integrados en <strong><a href=\"https:\/\/www.instagram.com\/turismomarineroamarturmar\/?hl=es\">AMARTURMAR<\/a><\/strong>. Ademais, xunto co <a href=\"https:\/\/redondela.gal\/redondela-percorre-pasado-e-presente-da-pesca-artesanal-coa-iniciativa-mariscando-conciencias-para-o-futuro\/\"><strong>Concello<\/strong><\/a>, realizaremos recollidas de lixo, que ser\u00e1 utilizado para a presentaci\u00f3n de obras art\u00edsticas no Festival Artelixo. O alumnado \u00e9 motor de cambio e futuro, por iso pasar\u00e1n \u00e1 acci\u00f3n contra o lixo mari\u00f1o.<\/p>\n<p>Se queres saber m\u00e1is, escoita esta entrevista en <a href=\"https:\/\/www.radioredondela.com\/2025\/11\/25\/mariscando-conciencias-arranca-cun-programa-de-obradoiros-sobre-a-pesca-artesanal\/\"><strong>Radio Redondela<\/strong><\/a>, consulta o artigo na <a href=\"https:\/\/www.anovapeneira.gal\/wp-content\/uploads\/2025\/11\/PENEIRA-NOVEMBRO-2025.pdf\"><strong>Peneira<\/strong><\/a>, e s\u00e9guenos nas redes do equipo!<\/p>\n","protected":false},"excerpt":{"rendered":"<p>Mariscando conCiencias para o Futuro \u00e9 unha iniciativa financiada pola Fundaci\u00f3n Carasso, na que participamos AMARTURMAR, Future Oceans Lab (UVigo), Artelixo, Concello de Redondela e Cidadania<\/p>\n","protected":false},"author":3,"featured_media":3850,"comment_status":"open","ping_status":"open","sticky":false,"template":"","format":"standard","meta":{"footnotes":""},"categories":[4],"tags":[],"_links":{"self":[{"href":"https:\/\/cidadania.coop\/es\/wp-json\/wp\/v2\/posts\/3849"}],"collection":[{"href":"https:\/\/cidadania.coop\/es\/wp-json\/wp\/v2\/posts"}],"about":[{"href":"https:\/\/cidadania.coop\/es\/wp-json\/wp\/v2\/types\/post"}],"author":[{"embeddable":true,"href":"https:\/\/cidadania.coop\/es\/wp-json\/wp\/v2\/users\/3"}],"replies":[{"embeddable":true,"href":"https:\/\/cidadania.coop\/es\/wp-json\/wp\/v2\/comments?post=3849"}],"version-history":[{"count":4,"href":"https:\/\/cidadania.coop\/es\/wp-json\/wp\/v2\/posts\/3849\/revisions"}],"predecessor-version":[{"id":3857,"href":"https:\/\/cidadania.coop\/es\/wp-json\/wp\/v2\/posts\/3849\/revisions\/3857"}],"wp:featuredmedia":[{"embeddable":true,"href":"https:\/\/cidadania.coop\/es\/wp-json\/wp\/v2\/media\/3850"}],"wp:attachment":[{"href":"https:\/\/cidadania.coop\/es\/wp-json\/wp\/v2\/media?parent=3849"}],"wp:term":[{"taxonomy":"category","embeddable":true,"href":"https:\/\/cidadania.coop\/es\/wp-json\/wp\/v2\/categories?post=3849"},{"taxonomy":"post_tag","embeddable":true,"href":"https:\/\/cidadania.coop\/es\/wp-json\/wp\/v2\/tags?post=3849"}],"curies":[{"name":"wp","href":"https:\/\/api.w.org\/{rel}","templated":true}]}}