{"id":640,"date":"2016-02-16T10:12:58","date_gmt":"2016-02-16T10:12:58","guid":{"rendered":"https:\/\/cidadania.coop\/?p=640"},"modified":"2017-02-17T07:54:19","modified_gmt":"2017-02-17T07:54:19","slug":"reeditamos-os-cursos-de-asembleas-e-reunions","status":"publish","type":"post","link":"https:\/\/cidadania.coop\/es\/reeditamos-os-cursos-de-asembleas-e-reunions\/","title":{"rendered":"Reeditamos os cursos de Asembleas e reuni\u00f3ns"},"content":{"rendered":"<p><a href=\"https:\/\/cidadania.coop\/wp-content\/uploads\/2016\/02\/Asembleas2016Xeral.png\" rel=\"attachment wp-att-639\"><img loading=\"lazy\" decoding=\"async\" class=\"alignleft size-medium wp-image-639\" src=\"https:\/\/cidadania.coop\/wp-content\/uploads\/2016\/02\/Asembleas2016Xeral-212x300.png\" alt=\"Asembleas2016Xeral\" width=\"212\" height=\"300\" srcset=\"https:\/\/cidadania.coop\/wp-content\/uploads\/2016\/02\/Asembleas2016Xeral-212x300.png 212w, https:\/\/cidadania.coop\/wp-content\/uploads\/2016\/02\/Asembleas2016Xeral-768x1087.png 768w, https:\/\/cidadania.coop\/wp-content\/uploads\/2016\/02\/Asembleas2016Xeral-728x1030.png 728w, https:\/\/cidadania.coop\/wp-content\/uploads\/2016\/02\/Asembleas2016Xeral-1060x1500.png 1060w, https:\/\/cidadania.coop\/wp-content\/uploads\/2016\/02\/Asembleas2016Xeral-498x705.png 498w, https:\/\/cidadania.coop\/wp-content\/uploads\/2016\/02\/Asembleas2016Xeral-580x821.png 580w, https:\/\/cidadania.coop\/wp-content\/uploads\/2016\/02\/Asembleas2016Xeral-90x127.png 90w, https:\/\/cidadania.coop\/wp-content\/uploads\/2016\/02\/Asembleas2016Xeral-150x212.png 150w, https:\/\/cidadania.coop\/wp-content\/uploads\/2016\/02\/Asembleas2016Xeral-450x637.png 450w, https:\/\/cidadania.coop\/wp-content\/uploads\/2016\/02\/Asembleas2016Xeral.png 1169w\" sizes=\"(max-width: 212px) 100vw, 212px\" \/><\/a>Para aquelas persoas que participan en numerosas xuntanzas, a UCETAG organiza un ano m\u00e1is o curso &#8216;Asembleas e reuni\u00f3ns&#8217;, dentro da programaci\u00f3n de actividades da Rede Eusumo. Este curso gratu\u00edto \u00e9 unha oportunidade para reflexionar sobre o funcionamento das nosas asembleas e reuni\u00f3ns e co\u00f1ecer m\u00e9todos pr\u00e1cticos para melloralas.<\/p>\n<p>Os contidos recollen a traxectoria de traballo de Cidadan\u00eda con centros de ensino, cooperativas, asociaci\u00f3ns e diferentes procesos de participaci\u00f3n cidad\u00e1.<\/p>\n<p>Presenta ferramentas pr\u00e1cticas para facer as reuni\u00f3ns m\u00e1is efectivas, participativas e cun mellor clima grupal.<\/p>\n<p>O curso \u00e9 on-line, con d\u00faas sesi\u00f3ns presencias nas que se por\u00e1n en pr\u00e1ctica as t\u00e9cnicas aprendidas.<\/p>\n<p>Comeza o 1 de marzo e remata o 15 de abril. As sesi\u00f3ns presenciais son o 1 de marzo e o 12 de abril en Vigo, 2 de marzo e 6 de abril na Coru\u00f1a, 3 de marzo e 7 de abril en Santiago e 8 de marzo e 12 de abril en Cangas. Todas en horario de tarde, de 17 a 20 horas.<\/p>\n<p>Podes obter mais informaci\u00f3n e inscribirte en: <a href=\"http:\/\/www.ucetag.org\">www.ucetag.org<\/a><\/p>\n","protected":false},"excerpt":{"rendered":"<p>Para aquelas persoas que participan en numerosas xuntanzas, a UCETAG organiza un ano m\u00e1is o curso &#8216;Asembleas e reuni\u00f3ns&#8217;, dentro da programaci\u00f3n de actividades da Rede Eusumo. Este curso gratu\u00edto \u00e9 unha oportunidade para reflexionar sobre o funcionamento das nosas asembleas e reuni\u00f3ns e co\u00f1ecer m\u00e9todos pr\u00e1cticos para melloralas. Os contidos recollen a traxectoria de [&hellip;]<\/p>\n","protected":false},"author":3,"featured_media":639,"comment_status":"open","ping_status":"open","sticky":false,"template":"","format":"standard","meta":{"footnotes":""},"categories":[4],"tags":[],"_links":{"self":[{"href":"https:\/\/cidadania.coop\/es\/wp-json\/wp\/v2\/posts\/640"}],"collection":[{"href":"https:\/\/cidadania.coop\/es\/wp-json\/wp\/v2\/posts"}],"about":[{"href":"https:\/\/cidadania.coop\/es\/wp-json\/wp\/v2\/types\/post"}],"author":[{"embeddable":true,"href":"https:\/\/cidadania.coop\/es\/wp-json\/wp\/v2\/users\/3"}],"replies":[{"embeddable":true,"href":"https:\/\/cidadania.coop\/es\/wp-json\/wp\/v2\/comments?post=640"}],"version-history":[{"count":1,"href":"https:\/\/cidadania.coop\/es\/wp-json\/wp\/v2\/posts\/640\/revisions"}],"predecessor-version":[{"id":779,"href":"https:\/\/cidadania.coop\/es\/wp-json\/wp\/v2\/posts\/640\/revisions\/779"}],"wp:featuredmedia":[{"embeddable":true,"href":"https:\/\/cidadania.coop\/es\/wp-json\/wp\/v2\/media\/639"}],"wp:attachment":[{"href":"https:\/\/cidadania.coop\/es\/wp-json\/wp\/v2\/media?parent=640"}],"wp:term":[{"taxonomy":"category","embeddable":true,"href":"https:\/\/cidadania.coop\/es\/wp-json\/wp\/v2\/categories?post=640"},{"taxonomy":"post_tag","embeddable":true,"href":"https:\/\/cidadania.coop\/es\/wp-json\/wp\/v2\/tags?post=640"}],"curies":[{"name":"wp","href":"https:\/\/api.w.org\/{rel}","templated":true}]}}