{"id":654,"date":"2016-02-26T17:09:27","date_gmt":"2016-02-26T17:09:27","guid":{"rendered":"https:\/\/cidadania.coop\/?p=654"},"modified":"2017-02-17T07:52:11","modified_gmt":"2017-02-17T07:52:11","slug":"novos-cursos-educar-en-cooperativismo","status":"publish","type":"post","link":"https:\/\/cidadania.coop\/es\/novos-cursos-educar-en-cooperativismo\/","title":{"rendered":"Novos cursos \u00abEducar en cooperativismo\u00bb"},"content":{"rendered":"<p>A UCETAG ten entre as s\u00faas li\u00f1as de acci\u00f3n a promoci\u00f3n do cooperativimo e os seus valores cara \u00e1 infancia. Habilidades relacionadas coa cooperaci\u00f3n, a resoluci\u00f3n de conflitos, a igualdade e a toma de decisi\u00f3ns en com\u00fan deben ser traballadas desde infantil e primaria. En secundaria, o co\u00f1ecemento das cooperativas e experiencias pr\u00f3ximas permite co\u00f1ecer m\u00e1is medios de vida que o traballo por conta allea ou os negocios individuais, e po\u00f1er en valor \u00e1s cooperativas como un referente positivo.<\/p>\n<p>Sobre todas estas cuesti\u00f3ns, Cidadan\u00eda ten colaborado coa UCETAG no dese\u00f1o de materiais did\u00e1cticos e na realizaci\u00f3n de obradoiros en infantil, primaria, ESO e ciclos formativos. O curso &#8216;Educar en cooperativismo&#8217; permite transmitir esa traxectoria e materiais a estudantes e profesionais do mundo da educaci\u00f3n: profesorado, educaci\u00f3n social, educaci\u00f3n para o tempo libre, etc.<\/p>\n<p>Tr\u00e1tase de co\u00f1ecer mellor o modelo cooperativo e as ferramentas adecuadas para transmitilo aos nenos e nenas das diferentes idades, e aos mozos e mozas que xa se atopan m\u00e1is pr\u00f3ximos ao mundo laboral.<\/p>\n<p>O curso \u00e9 presencial e ten unha duraci\u00f3n de 20 horas. Est\u00e1 programado en diferentes datas e localidades, como Santiago (8 a 11 de marzo), Xermade (14 a 17 de marzo), A Coru\u00f1a (15 a 18 de marzo), Vigo (d\u00faas edici\u00f3ns: 4 a 7 de abril e 25 a 28 de abril) ou Moa\u00f1a (13, 14, 20 e 21 de abril) .<\/p>\n<p>Podes obter mais informaci\u00f3n e inscribirte en: <a href=\"http:\/\/www.ucetag.org\">www.ucetag.org<\/a><\/p>\n","protected":false},"excerpt":{"rendered":"<p>A UCETAG ten entre as s\u00faas li\u00f1as de acci\u00f3n a promoci\u00f3n do cooperativimo e os seus valores cara \u00e1 infancia. Habilidades relacionadas coa cooperaci\u00f3n, a resoluci\u00f3n de conflitos, a igualdade e a toma de decisi\u00f3ns en com\u00fan deben ser traballadas desde infantil e primaria. En secundaria, o co\u00f1ecemento das cooperativas e experiencias pr\u00f3ximas permite co\u00f1ecer [&hellip;]<\/p>\n","protected":false},"author":3,"featured_media":777,"comment_status":"open","ping_status":"open","sticky":false,"template":"","format":"standard","meta":{"footnotes":""},"categories":[4],"tags":[],"_links":{"self":[{"href":"https:\/\/cidadania.coop\/es\/wp-json\/wp\/v2\/posts\/654"}],"collection":[{"href":"https:\/\/cidadania.coop\/es\/wp-json\/wp\/v2\/posts"}],"about":[{"href":"https:\/\/cidadania.coop\/es\/wp-json\/wp\/v2\/types\/post"}],"author":[{"embeddable":true,"href":"https:\/\/cidadania.coop\/es\/wp-json\/wp\/v2\/users\/3"}],"replies":[{"embeddable":true,"href":"https:\/\/cidadania.coop\/es\/wp-json\/wp\/v2\/comments?post=654"}],"version-history":[{"count":3,"href":"https:\/\/cidadania.coop\/es\/wp-json\/wp\/v2\/posts\/654\/revisions"}],"predecessor-version":[{"id":776,"href":"https:\/\/cidadania.coop\/es\/wp-json\/wp\/v2\/posts\/654\/revisions\/776"}],"wp:featuredmedia":[{"embeddable":true,"href":"https:\/\/cidadania.coop\/es\/wp-json\/wp\/v2\/media\/777"}],"wp:attachment":[{"href":"https:\/\/cidadania.coop\/es\/wp-json\/wp\/v2\/media?parent=654"}],"wp:term":[{"taxonomy":"category","embeddable":true,"href":"https:\/\/cidadania.coop\/es\/wp-json\/wp\/v2\/categories?post=654"},{"taxonomy":"post_tag","embeddable":true,"href":"https:\/\/cidadania.coop\/es\/wp-json\/wp\/v2\/tags?post=654"}],"curies":[{"name":"wp","href":"https:\/\/api.w.org\/{rel}","templated":true}]}}